{"id":11330,"date":"2024-04-25T04:32:30","date_gmt":"2024-04-25T04:32:30","guid":{"rendered":"https:\/\/mifavorita.com.pa\/2017\/?p=11330"},"modified":"2024-10-08T21:00:46","modified_gmt":"2024-10-08T21:00:46","slug":"con-logros-y-muchos-desafios-escuela-basica-general-de-chiguiri-abajo-celebra-sus-100-anos","status":"publish","type":"post","link":"https:\/\/mifavorita.com.pa\/2017\/con-logros-y-muchos-desafios-escuela-basica-general-de-chiguiri-abajo-celebra-sus-100-anos\/","title":{"rendered":"CON LOGROS Y MUCHOS DESAF\u00cdOS, ESCUELA B\u00c1SICA GENERAL DE CHIGUIR\u00cd ABAJO CELEBRA SUS 100 A\u00d1OS"},"content":{"rendered":"\n<p>DAMGELA DE LE\u00d3N<\/p>\n\n\n\n<p>Progreso y muchos sue\u00f1os son los que caracterizan los \u00faltimos a\u00f1os del Centro Escolar B\u00e1sico General Chiguir\u00ed Abajo en Penonom\u00e9, que este 24 de abril, llega a sus ansiados 100 a\u00f1os de entregar j\u00f3venes de bien a la sociedad coclesana. A pesar de las m\u00faltiples necesidades que como escuela presentan, su comunidad educativa ha perseverado para que hoy llegue hasta noveno grado.<\/p>\n\n\n\n<figure class=\"wp-block-image size-large\"><img fetchpriority=\"high\" decoding=\"async\" width=\"1024\" height=\"238\" src=\"https:\/\/mifavorita.com.pa\/2017\/wp-content\/uploads\/2024\/04\/captura-de-pantalla-2024-04-24-0744132031472412351235086-1024x238.jpg\" alt=\"\" class=\"wp-image-11328\" srcset=\"https:\/\/mifavorita.com.pa\/2017\/wp-content\/uploads\/2024\/04\/captura-de-pantalla-2024-04-24-0744132031472412351235086-1024x238.jpg 1024w, https:\/\/mifavorita.com.pa\/2017\/wp-content\/uploads\/2024\/04\/captura-de-pantalla-2024-04-24-0744132031472412351235086-300x70.jpg 300w, https:\/\/mifavorita.com.pa\/2017\/wp-content\/uploads\/2024\/04\/captura-de-pantalla-2024-04-24-0744132031472412351235086-768x178.jpg 768w, https:\/\/mifavorita.com.pa\/2017\/wp-content\/uploads\/2024\/04\/captura-de-pantalla-2024-04-24-0744132031472412351235086-1200x279.jpg 1200w, https:\/\/mifavorita.com.pa\/2017\/wp-content\/uploads\/2024\/04\/captura-de-pantalla-2024-04-24-0744132031472412351235086.jpg 1244w\" sizes=\"(max-width: 1024px) 100vw, 1024px\" \/><\/figure>\n\n\n\n<p><br \/>Sus m\u00e1s de 170 alumnos y 9 educadores, piden el apoyo a las autoridades por infraestructuras m\u00e1s amplias que les brinden la comodidad necesaria, como un sal\u00f3n equipado de inform\u00e1tica, implementos deportivos, materiales educativos, mobiliarios y, sobre todo, personal administrativo como secretaria y trabajador manual.<\/p>\n\n\n\n<p><br \/>Con respecto a ello, Rudy Bonilla, director del plantel, mencion\u00f3 lo dif\u00edcil que ha sido conseguir recursos y lo mucho que anhela que sus estudiantes puedan seguir form\u00e1ndose en m\u00e1s grados, hasta la universidad, ya que en un 50% ni siquiera alcanzan un diploma de sexto a\u00f1o.<\/p>\n\n\n\n<figure class=\"wp-block-image size-large\"><img decoding=\"async\" width=\"1024\" height=\"614\" src=\"https:\/\/mifavorita.com.pa\/2017\/wp-content\/uploads\/2024\/04\/6246636_orig118728681463508483-1024x614.jpg\" alt=\"\" class=\"wp-image-11333\" srcset=\"https:\/\/mifavorita.com.pa\/2017\/wp-content\/uploads\/2024\/04\/6246636_orig118728681463508483-1024x614.jpg 1024w, https:\/\/mifavorita.com.pa\/2017\/wp-content\/uploads\/2024\/04\/6246636_orig118728681463508483-300x180.jpg 300w, https:\/\/mifavorita.com.pa\/2017\/wp-content\/uploads\/2024\/04\/6246636_orig118728681463508483-768x461.jpg 768w, https:\/\/mifavorita.com.pa\/2017\/wp-content\/uploads\/2024\/04\/6246636_orig118728681463508483.jpg 1100w\" sizes=\"(max-width: 1024px) 100vw, 1024px\" \/><\/figure>\n\n\n\n<p><br \/>Como parte de la celebraci\u00f3n, esta comunidad organiz\u00f3 un convivio deportivo con escuelas de otros sectores del norte, y tambi\u00e9n el mi\u00e9rcoles tendr\u00e1n una misa de acci\u00f3n de gracias, seguido de un acto cultural al que invitan a todo el pueblo penonome\u00f1o a ser parte.<\/p>\n","protected":false},"excerpt":{"rendered":"<p>DAMGELA DE LE\u00d3N Progreso y muchos sue\u00f1os son los que caracterizan los \u00faltimos a\u00f1os del Centro Escolar B\u00e1sico General Chiguir\u00ed Abajo en Penonom\u00e9, que este 24 de abril, llega a sus ansiados 100 a\u00f1os de entregar j\u00f3venes de bien a la sociedad coclesana. A pesar de las m\u00faltiples necesidades que como escuela presentan, su comunidad [&hellip;]<\/p>\n","protected":false},"author":5,"featured_media":11332,"comment_status":"open","ping_status":"open","sticky":false,"template":"","format":"standard","meta":{"footnotes":""},"categories":[17,1],"tags":[],"class_list":["post-11330","post","type-post","status-publish","format-standard","has-post-thumbnail","hentry","category-comunitaria","category-noticias"],"_links":{"self":[{"href":"https:\/\/mifavorita.com.pa\/2017\/wp-json\/wp\/v2\/posts\/11330","targetHints":{"allow":["GET"]}}],"collection":[{"href":"https:\/\/mifavorita.com.pa\/2017\/wp-json\/wp\/v2\/posts"}],"about":[{"href":"https:\/\/mifavorita.com.pa\/2017\/wp-json\/wp\/v2\/types\/post"}],"author":[{"embeddable":true,"href":"https:\/\/mifavorita.com.pa\/2017\/wp-json\/wp\/v2\/users\/5"}],"replies":[{"embeddable":true,"href":"https:\/\/mifavorita.com.pa\/2017\/wp-json\/wp\/v2\/comments?post=11330"}],"version-history":[{"count":2,"href":"https:\/\/mifavorita.com.pa\/2017\/wp-json\/wp\/v2\/posts\/11330\/revisions"}],"predecessor-version":[{"id":11334,"href":"https:\/\/mifavorita.com.pa\/2017\/wp-json\/wp\/v2\/posts\/11330\/revisions\/11334"}],"wp:featuredmedia":[{"embeddable":true,"href":"https:\/\/mifavorita.com.pa\/2017\/wp-json\/wp\/v2\/media\/11332"}],"wp:attachment":[{"href":"https:\/\/mifavorita.com.pa\/2017\/wp-json\/wp\/v2\/media?parent=11330"}],"wp:term":[{"taxonomy":"category","embeddable":true,"href":"https:\/\/mifavorita.com.pa\/2017\/wp-json\/wp\/v2\/categories?post=11330"},{"taxonomy":"post_tag","embeddable":true,"href":"https:\/\/mifavorita.com.pa\/2017\/wp-json\/wp\/v2\/tags?post=11330"}],"curies":[{"name":"wp","href":"https:\/\/api.w.org\/{rel}","templated":true}]}}