{"id":11340,"date":"2024-04-28T23:51:08","date_gmt":"2024-04-28T23:51:08","guid":{"rendered":"https:\/\/mifavorita.com.pa\/2017\/?p=11340"},"modified":"2024-10-08T21:00:21","modified_gmt":"2024-10-08T21:00:21","slug":"docentes-del-ipt-leonila-pinzon-reclaman-mayor-seguridad-y-atencion-piscopedagogica","status":"publish","type":"post","link":"https:\/\/mifavorita.com.pa\/2017\/docentes-del-ipt-leonila-pinzon-reclaman-mayor-seguridad-y-atencion-piscopedagogica\/","title":{"rendered":"DOCENTES DEL IPT LEONILA PINZ\u00d3N RECLAMAN MAYOR SEGURIDAD Y ATENCI\u00d3N PISCOPEDAG\u00d3GICA"},"content":{"rendered":"\n<p>DAMGELA DE LEP\u00d3N<\/p>\n\n\n\n<p>Docentes del Instituto Profesional y T\u00e9cnico Leonila Pinz\u00f3n de Grimaldo en Penonom\u00e9, salieron a orillas de la v\u00eda interamericana a realizar un piqueteo reclamando mayor seguridad en su plantel, atenci\u00f3n de parte de las autoridades educativas y programas que beneficien a sus estudiantes. Esto tras un incidente en el que un estudiante agredi\u00f3 a una profesora de manera violenta en d\u00edas pasados.<\/p>\n\n\n\n<p><br>Los docentes reclaman que sus estudiantes la mayor parte del tiempo se encuentran sin protecci\u00f3n o vigilancia, ya que, al estar apartado del centro de Penonom\u00e9, este plantel queda muchas horas sin vigilancia policial, aspecto que les preocupa, sumado a que requieren de m\u00e1s personal del gabinete psicopedag\u00f3gico que atiendan a los j\u00f3venes que provienen de todas partes de la provincia de Cocl\u00e9.<\/p>\n\n\n\n<p><br>Claribel Quir\u00f3s, docente de noveno grado, explic\u00f3 que se han unido en apoyo a la docente afectada, pero tambi\u00e9n piden que los estudiantes se les d\u00e9 m\u00e1s atenci\u00f3n integral, y se les de seguridad, incluso piden desde hace meses atenciones de salud general para ellos.<\/p>\n\n\n\n<p><br>La profesora tambi\u00e9n dijo que en ocasiones les toca reunir y hacerles merienda a aquellos j\u00f3venes de \u00e1reas apartadas, pero que el Ministerio de Educaci\u00f3n debe prestar m\u00e1s atenci\u00f3n a las necesidades que tienen.<br>Se espera que el caso con el menor involucrado, sea manejado de forma interna, sin embargo, gremios docentes han apoyado tomar acciones legales.<\/p>\n","protected":false},"excerpt":{"rendered":"<p>DAMGELA DE LEP\u00d3N Docentes del Instituto Profesional y T\u00e9cnico Leonila Pinz\u00f3n de Grimaldo en Penonom\u00e9, salieron a orillas de la v\u00eda interamericana a realizar un piqueteo reclamando mayor seguridad en su plantel, atenci\u00f3n de parte de las autoridades educativas y programas que beneficien a sus estudiantes. Esto tras un incidente en el que un estudiante [&hellip;]<\/p>\n","protected":false},"author":6,"featured_media":11339,"comment_status":"open","ping_status":"open","sticky":false,"template":"","format":"standard","meta":{"footnotes":""},"categories":[17,1],"tags":[],"class_list":["post-11340","post","type-post","status-publish","format-standard","has-post-thumbnail","hentry","category-comunitaria","category-noticias"],"_links":{"self":[{"href":"https:\/\/mifavorita.com.pa\/2017\/wp-json\/wp\/v2\/posts\/11340","targetHints":{"allow":["GET"]}}],"collection":[{"href":"https:\/\/mifavorita.com.pa\/2017\/wp-json\/wp\/v2\/posts"}],"about":[{"href":"https:\/\/mifavorita.com.pa\/2017\/wp-json\/wp\/v2\/types\/post"}],"author":[{"embeddable":true,"href":"https:\/\/mifavorita.com.pa\/2017\/wp-json\/wp\/v2\/users\/6"}],"replies":[{"embeddable":true,"href":"https:\/\/mifavorita.com.pa\/2017\/wp-json\/wp\/v2\/comments?post=11340"}],"version-history":[{"count":1,"href":"https:\/\/mifavorita.com.pa\/2017\/wp-json\/wp\/v2\/posts\/11340\/revisions"}],"predecessor-version":[{"id":11341,"href":"https:\/\/mifavorita.com.pa\/2017\/wp-json\/wp\/v2\/posts\/11340\/revisions\/11341"}],"wp:featuredmedia":[{"embeddable":true,"href":"https:\/\/mifavorita.com.pa\/2017\/wp-json\/wp\/v2\/media\/11339"}],"wp:attachment":[{"href":"https:\/\/mifavorita.com.pa\/2017\/wp-json\/wp\/v2\/media?parent=11340"}],"wp:term":[{"taxonomy":"category","embeddable":true,"href":"https:\/\/mifavorita.com.pa\/2017\/wp-json\/wp\/v2\/categories?post=11340"},{"taxonomy":"post_tag","embeddable":true,"href":"https:\/\/mifavorita.com.pa\/2017\/wp-json\/wp\/v2\/tags?post=11340"}],"curies":[{"name":"wp","href":"https:\/\/api.w.org\/{rel}","templated":true}]}}