{"id":11346,"date":"2024-04-28T23:54:23","date_gmt":"2024-04-28T23:54:23","guid":{"rendered":"https:\/\/mifavorita.com.pa\/2017\/?p=11346"},"modified":"2024-10-08T21:00:05","modified_gmt":"2024-10-08T21:00:05","slug":"modulo-del-iphe-en-jaguito-ya-tiene-sala-multisensorial-que-sera-combinada-con-equinoterapia","status":"publish","type":"post","link":"https:\/\/mifavorita.com.pa\/2017\/modulo-del-iphe-en-jaguito-ya-tiene-sala-multisensorial-que-sera-combinada-con-equinoterapia\/","title":{"rendered":"M\u00d3DULO DEL IPHE EN JAGUITO YA TIENE SALA MULTISENSORIAL QUE SER\u00c1 COMBINADA CON EQUINOTERAPIA"},"content":{"rendered":"\n<p>DAMGELA DE LE\u00d3N<\/p>\n\n\n\n<p>Una nueva sala multisensorial fue entregada al m\u00f3dulo del Instituto Paname\u00f1o de Habilitaci\u00f3n Especial ubicado en El Jaguito de Ant\u00f3n, el cual es un centro que combina la equinoterapia con la educaci\u00f3n a ni\u00f1os y ni\u00f1as con necesidades especiales de Ant\u00f3n, Aguadulce y Penonom\u00e9, el cual funciona desde hace varios a\u00f1os y que ahora tambi\u00e9n estimular\u00e1 otras \u00e1reas.<\/p>\n\n\n\n<p><br>La idea es que mediante la interacci\u00f3n con los 3 caballos y 1 pony que participan en este centro, los estudiantes exploren cada uno de sus sentidos y posibilidades, llegando a relajarse con el animal.<\/p>\n\n\n\n<figure class=\"wp-block-image size-large\"><img fetchpriority=\"high\" decoding=\"async\" width=\"1024\" height=\"576\" src=\"https:\/\/mifavorita.com.pa\/2017\/wp-content\/uploads\/2024\/04\/img-20240427-wa00143602701024540959829-1024x576.jpg\" alt=\"\" class=\"wp-image-11343\" srcset=\"https:\/\/mifavorita.com.pa\/2017\/wp-content\/uploads\/2024\/04\/img-20240427-wa00143602701024540959829-1024x576.jpg 1024w, https:\/\/mifavorita.com.pa\/2017\/wp-content\/uploads\/2024\/04\/img-20240427-wa00143602701024540959829-300x169.jpg 300w, https:\/\/mifavorita.com.pa\/2017\/wp-content\/uploads\/2024\/04\/img-20240427-wa00143602701024540959829-768x432.jpg 768w, https:\/\/mifavorita.com.pa\/2017\/wp-content\/uploads\/2024\/04\/img-20240427-wa00143602701024540959829-1536x864.jpg 1536w, https:\/\/mifavorita.com.pa\/2017\/wp-content\/uploads\/2024\/04\/img-20240427-wa00143602701024540959829-1200x675.jpg 1200w, https:\/\/mifavorita.com.pa\/2017\/wp-content\/uploads\/2024\/04\/img-20240427-wa00143602701024540959829.jpg 1600w\" sizes=\"(max-width: 1024px) 100vw, 1024px\" \/><\/figure>\n\n\n\n<p><br>Mar\u00eda Del Pilar Rodr\u00edguez, fisioterapeuta del m\u00f3dulo, explic\u00f3 que primero los ni\u00f1os ser\u00e1n atendidos en la sala multisensorial, luego se les introducir\u00e1 la equinoterapia.<\/p>\n\n\n\n<p><br>Marisa Canales, directora general del IPHE, se\u00f1al\u00f3 que este programa llevado a Chiriqu\u00ed y a Chepo, ha dado excelentes resultados, pues los estudiantes tienen la oportunidad de explorar otras sensaciones, esto, con la aprobaci\u00f3n de su neur\u00f3logo.<\/p>\n\n\n\n<figure class=\"wp-block-image size-large\"><img decoding=\"async\" width=\"1024\" height=\"576\" src=\"https:\/\/mifavorita.com.pa\/2017\/wp-content\/uploads\/2024\/04\/img-20240427-wa00166653942713089754019-1024x576.jpg\" alt=\"\" class=\"wp-image-11344\" srcset=\"https:\/\/mifavorita.com.pa\/2017\/wp-content\/uploads\/2024\/04\/img-20240427-wa00166653942713089754019-1024x576.jpg 1024w, https:\/\/mifavorita.com.pa\/2017\/wp-content\/uploads\/2024\/04\/img-20240427-wa00166653942713089754019-300x169.jpg 300w, https:\/\/mifavorita.com.pa\/2017\/wp-content\/uploads\/2024\/04\/img-20240427-wa00166653942713089754019-768x432.jpg 768w, https:\/\/mifavorita.com.pa\/2017\/wp-content\/uploads\/2024\/04\/img-20240427-wa00166653942713089754019-1536x864.jpg 1536w, https:\/\/mifavorita.com.pa\/2017\/wp-content\/uploads\/2024\/04\/img-20240427-wa00166653942713089754019-1200x675.jpg 1200w, https:\/\/mifavorita.com.pa\/2017\/wp-content\/uploads\/2024\/04\/img-20240427-wa00166653942713089754019.jpg 1600w\" sizes=\"(max-width: 1024px) 100vw, 1024px\" \/><\/figure>\n\n\n\n<p><br>Una de las madres de familia de los m\u00e1s de 300 ni\u00f1os de Cocl\u00e9 que ser\u00e1n beneficiados, dijo que las terapias previas ya han apoyado a su peque\u00f1o de 3 a\u00f1os con espina b\u00edfida, y que espera que su relaci\u00f3n con los caballos le permitan seguir ganando confianza y mejorando sus est\u00edmulos.<\/p>\n\n\n\n<p><br>Este m\u00f3dulo ya funcionaba con los caballos, pero ahora se espera ampliar la capacidad de atenci\u00f3n a ni\u00f1os de m\u00e1s lugares en donde no existe este programa.<\/p>\n\n\n\n<figure class=\"wp-block-image size-large\"><img decoding=\"async\" width=\"1024\" height=\"576\" src=\"https:\/\/mifavorita.com.pa\/2017\/wp-content\/uploads\/2024\/04\/img-20240427-wa00157196208917823778870-1024x576.jpg\" alt=\"\" class=\"wp-image-11345\" srcset=\"https:\/\/mifavorita.com.pa\/2017\/wp-content\/uploads\/2024\/04\/img-20240427-wa00157196208917823778870-1024x576.jpg 1024w, https:\/\/mifavorita.com.pa\/2017\/wp-content\/uploads\/2024\/04\/img-20240427-wa00157196208917823778870-300x169.jpg 300w, https:\/\/mifavorita.com.pa\/2017\/wp-content\/uploads\/2024\/04\/img-20240427-wa00157196208917823778870-768x432.jpg 768w, https:\/\/mifavorita.com.pa\/2017\/wp-content\/uploads\/2024\/04\/img-20240427-wa00157196208917823778870-1536x864.jpg 1536w, https:\/\/mifavorita.com.pa\/2017\/wp-content\/uploads\/2024\/04\/img-20240427-wa00157196208917823778870-1200x675.jpg 1200w, https:\/\/mifavorita.com.pa\/2017\/wp-content\/uploads\/2024\/04\/img-20240427-wa00157196208917823778870.jpg 1600w\" sizes=\"(max-width: 1024px) 100vw, 1024px\" \/><\/figure>\n","protected":false},"excerpt":{"rendered":"<p>DAMGELA DE LE\u00d3N Una nueva sala multisensorial fue entregada al m\u00f3dulo del Instituto Paname\u00f1o de Habilitaci\u00f3n Especial ubicado en El Jaguito de Ant\u00f3n, el cual es un centro que combina la equinoterapia con la educaci\u00f3n a ni\u00f1os y ni\u00f1as con necesidades especiales de Ant\u00f3n, Aguadulce y Penonom\u00e9, el cual funciona desde hace varios a\u00f1os y [&hellip;]<\/p>\n","protected":false},"author":6,"featured_media":11342,"comment_status":"open","ping_status":"open","sticky":false,"template":"","format":"standard","meta":{"footnotes":""},"categories":[17,1],"tags":[],"class_list":["post-11346","post","type-post","status-publish","format-standard","has-post-thumbnail","hentry","category-comunitaria","category-noticias"],"_links":{"self":[{"href":"https:\/\/mifavorita.com.pa\/2017\/wp-json\/wp\/v2\/posts\/11346","targetHints":{"allow":["GET"]}}],"collection":[{"href":"https:\/\/mifavorita.com.pa\/2017\/wp-json\/wp\/v2\/posts"}],"about":[{"href":"https:\/\/mifavorita.com.pa\/2017\/wp-json\/wp\/v2\/types\/post"}],"author":[{"embeddable":true,"href":"https:\/\/mifavorita.com.pa\/2017\/wp-json\/wp\/v2\/users\/6"}],"replies":[{"embeddable":true,"href":"https:\/\/mifavorita.com.pa\/2017\/wp-json\/wp\/v2\/comments?post=11346"}],"version-history":[{"count":1,"href":"https:\/\/mifavorita.com.pa\/2017\/wp-json\/wp\/v2\/posts\/11346\/revisions"}],"predecessor-version":[{"id":11347,"href":"https:\/\/mifavorita.com.pa\/2017\/wp-json\/wp\/v2\/posts\/11346\/revisions\/11347"}],"wp:featuredmedia":[{"embeddable":true,"href":"https:\/\/mifavorita.com.pa\/2017\/wp-json\/wp\/v2\/media\/11342"}],"wp:attachment":[{"href":"https:\/\/mifavorita.com.pa\/2017\/wp-json\/wp\/v2\/media?parent=11346"}],"wp:term":[{"taxonomy":"category","embeddable":true,"href":"https:\/\/mifavorita.com.pa\/2017\/wp-json\/wp\/v2\/categories?post=11346"},{"taxonomy":"post_tag","embeddable":true,"href":"https:\/\/mifavorita.com.pa\/2017\/wp-json\/wp\/v2\/tags?post=11346"}],"curies":[{"name":"wp","href":"https:\/\/api.w.org\/{rel}","templated":true}]}}