{"id":11349,"date":"2024-04-28T23:55:16","date_gmt":"2024-04-28T23:55:16","guid":{"rendered":"https:\/\/mifavorita.com.pa\/2017\/?p=11349"},"modified":"2024-10-08T20:59:56","modified_gmt":"2024-10-08T20:59:56","slug":"organizacion-pa-verte-media-invita-a-jovenes-de-cocle-a-ser-parte-de-su-formacion-audiovisual-creando-2024","status":"publish","type":"post","link":"https:\/\/mifavorita.com.pa\/2017\/organizacion-pa-verte-media-invita-a-jovenes-de-cocle-a-ser-parte-de-su-formacion-audiovisual-creando-2024\/","title":{"rendered":"ORGANIZACI\u00d3N PA VERTE MEDIA INVITA A J\u00d3VENES DE COCL\u00c9 A SER PARTE DE SU FORMACI\u00d3N AUDIOVISUAL CREANDO 2024"},"content":{"rendered":"\n<p>DAMGELA DE LE\u00d3N<\/p>\n\n\n\n<p>Hasta el 30 abril, todos los j\u00f3venes entre 20 y 35 a\u00f1os de todo Panam\u00e1, para aplicar al programa de formaci\u00f3n audiovisual creando 2024, el cual los instruir\u00e1 sobre los procesos que conlleva la creaci\u00f3n de un proyecto. Esta formaci\u00f3n ser\u00e1 virtual y e se realizar\u00e1 en el mes de junio pr\u00f3ximo. S\u00f3lo ser\u00e1n 25 los que, en esta ocasi\u00f3n, ganar\u00e1n una beca para vivir esta experiencia.<\/p>\n\n\n\n<p><br>En el taller habr\u00e1 diversas tem\u00e1ticas para saber desde antes de contar una historia, como construcci\u00f3n, emprendimiento, herramientas necesarias, guion, adem\u00e1s no se requiere tener una carrera en \u00e1reas de la comunicaci\u00f3n para aplicar, simplemente inter\u00e9s.<\/p>\n\n\n\n<p><br>Amargit Pinz\u00f3n, coordinadora del programa de formaci\u00f3n, explic\u00f3 c\u00f3mo se llevar\u00e1 a cabo esta selecci\u00f3n, que consiste en llenar un formulario y explicar el porqu\u00e9 desea ser parte y una idea que quisiera llevar a la realidad, asimismo, que la capacitaci\u00f3n contar\u00e1 con charlas interactivas en las que el participante explorar\u00e1 todas sus habilidades.<\/p>\n\n\n\n<p><br>Las clases virtuales se desarrollar\u00e1n de la mano de expertos profesionales nacionales e internacionales, y se dictar\u00e1n en horarios nocturnos. La cuenta de Instagram @Pavertemedia tiene todas las bases e informaci\u00f3n.<\/p>\n","protected":false},"excerpt":{"rendered":"<p>DAMGELA DE LE\u00d3N Hasta el 30 abril, todos los j\u00f3venes entre 20 y 35 a\u00f1os de todo Panam\u00e1, para aplicar al programa de formaci\u00f3n audiovisual creando 2024, el cual los instruir\u00e1 sobre los procesos que conlleva la creaci\u00f3n de un proyecto. Esta formaci\u00f3n ser\u00e1 virtual y e se realizar\u00e1 en el mes de junio pr\u00f3ximo. [&hellip;]<\/p>\n","protected":false},"author":6,"featured_media":11348,"comment_status":"open","ping_status":"open","sticky":false,"template":"","format":"standard","meta":{"footnotes":""},"categories":[30,1],"tags":[],"class_list":["post-11349","post","type-post","status-publish","format-standard","has-post-thumbnail","hentry","category-cultura","category-noticias"],"_links":{"self":[{"href":"https:\/\/mifavorita.com.pa\/2017\/wp-json\/wp\/v2\/posts\/11349","targetHints":{"allow":["GET"]}}],"collection":[{"href":"https:\/\/mifavorita.com.pa\/2017\/wp-json\/wp\/v2\/posts"}],"about":[{"href":"https:\/\/mifavorita.com.pa\/2017\/wp-json\/wp\/v2\/types\/post"}],"author":[{"embeddable":true,"href":"https:\/\/mifavorita.com.pa\/2017\/wp-json\/wp\/v2\/users\/6"}],"replies":[{"embeddable":true,"href":"https:\/\/mifavorita.com.pa\/2017\/wp-json\/wp\/v2\/comments?post=11349"}],"version-history":[{"count":1,"href":"https:\/\/mifavorita.com.pa\/2017\/wp-json\/wp\/v2\/posts\/11349\/revisions"}],"predecessor-version":[{"id":11350,"href":"https:\/\/mifavorita.com.pa\/2017\/wp-json\/wp\/v2\/posts\/11349\/revisions\/11350"}],"wp:featuredmedia":[{"embeddable":true,"href":"https:\/\/mifavorita.com.pa\/2017\/wp-json\/wp\/v2\/media\/11348"}],"wp:attachment":[{"href":"https:\/\/mifavorita.com.pa\/2017\/wp-json\/wp\/v2\/media?parent=11349"}],"wp:term":[{"taxonomy":"category","embeddable":true,"href":"https:\/\/mifavorita.com.pa\/2017\/wp-json\/wp\/v2\/categories?post=11349"},{"taxonomy":"post_tag","embeddable":true,"href":"https:\/\/mifavorita.com.pa\/2017\/wp-json\/wp\/v2\/tags?post=11349"}],"curies":[{"name":"wp","href":"https:\/\/api.w.org\/{rel}","templated":true}]}}