{"id":11352,"date":"2024-04-28T23:57:27","date_gmt":"2024-04-28T23:57:27","guid":{"rendered":"https:\/\/mifavorita.com.pa\/2017\/?p=11352"},"modified":"2024-12-30T13:44:08","modified_gmt":"2024-12-30T13:44:08","slug":"votaciones-juveniles-en-cocle-escogeran-al-valor-que-mas-necesitan-las-comunidades-el-proximo-5-de-mayo","status":"publish","type":"post","link":"https:\/\/mifavorita.com.pa\/2017\/votaciones-juveniles-en-cocle-escogeran-al-valor-que-mas-necesitan-las-comunidades-el-proximo-5-de-mayo\/","title":{"rendered":"VOTACIONES JUVENILES EN COCL\u00c9 ESCOGER\u00c1N AL VALOR QUE M\u00c1S NECESITAN LAS COMUNIDADES EL PR\u00d3XIMO 5 DE MAYO"},"content":{"rendered":"\n<p>DAMGELA DE LE\u00d3N<\/p>\n\n\n\n<p>Ni\u00f1os y j\u00f3venes de Cocl\u00e9 participar\u00e1n de la votaci\u00f3n por los valores el pr\u00f3ximo 5 mayo, como parte de un plan piloto que realiza el instituto de estudios democr\u00e1ticos durante las elecciones generales. Este proyecto que es llevado a 15 regiones electorales y 1 comarca, se ubicar\u00e1 en la Escuela Secundaria \u00c1ngel Mar\u00eda Herrera y Federico Z\u00fa\u00f1iga Feli\u00fa en Penonom\u00e9.<\/p>\n\n\n\n<p><br>Esta votaci\u00f3n quiere seleccionar al valor que m\u00e1s necesita la comunidad, seg\u00fan el conocimiento de los ni\u00f1os a partir de 5 a\u00f1os hasta j\u00f3venes de 17, que estudien en estos centros educativos o que sus padres les corresponda ejercer su voto en dicho centro.<\/p>\n\n\n\n<p><br>Ser\u00e1n 4 valores: Honestidad, Igualdad, Tolerancia y Respeto, que ser\u00e1n plasmados en una papeleta muy distinta a la de las elecciones generales, y tendr\u00e1n miembros de mesa, en el que se incluir\u00e1 un presidente, secretario y vocal.<\/p>\n\n\n\n<p><br>Karen Vega, del Instituto y organizadores, explic\u00f3 que ya est\u00e1 todo listo para que la juventud menor de edad viva esta experiencia por primera vez, por ello, invit\u00f3 a que los padres y j\u00f3venes desde las 9 de la ma\u00f1ana hasta las 2 de la tarde, a que asistan.<\/p>\n\n\n\n<p><br>La idea es que, mediante el razonamiento cr\u00edtico, los j\u00f3venes seleccionen el valor que consideren, se necesita en sus comunidades, y as\u00ed tener el acercamiento a la fiesta electoral.<\/p>\n","protected":false},"excerpt":{"rendered":"<p>DAMGELA DE LE\u00d3N Ni\u00f1os y j\u00f3venes de Cocl\u00e9 participar\u00e1n de la votaci\u00f3n por los valores el pr\u00f3ximo 5 mayo, como parte de un plan piloto que realiza el instituto de estudios democr\u00e1ticos durante las elecciones generales. Este proyecto que es llevado a 15 regiones electorales y 1 comarca, se ubicar\u00e1 en la Escuela Secundaria \u00c1ngel [&hellip;]<\/p>\n","protected":false},"author":6,"featured_media":11351,"comment_status":"open","ping_status":"open","sticky":false,"template":"","format":"standard","meta":{"footnotes":""},"categories":[1,33],"tags":[],"class_list":["post-11352","post","type-post","status-publish","format-standard","has-post-thumbnail","hentry","category-noticias","category-politica"],"_links":{"self":[{"href":"https:\/\/mifavorita.com.pa\/2017\/wp-json\/wp\/v2\/posts\/11352","targetHints":{"allow":["GET"]}}],"collection":[{"href":"https:\/\/mifavorita.com.pa\/2017\/wp-json\/wp\/v2\/posts"}],"about":[{"href":"https:\/\/mifavorita.com.pa\/2017\/wp-json\/wp\/v2\/types\/post"}],"author":[{"embeddable":true,"href":"https:\/\/mifavorita.com.pa\/2017\/wp-json\/wp\/v2\/users\/6"}],"replies":[{"embeddable":true,"href":"https:\/\/mifavorita.com.pa\/2017\/wp-json\/wp\/v2\/comments?post=11352"}],"version-history":[{"count":1,"href":"https:\/\/mifavorita.com.pa\/2017\/wp-json\/wp\/v2\/posts\/11352\/revisions"}],"predecessor-version":[{"id":11353,"href":"https:\/\/mifavorita.com.pa\/2017\/wp-json\/wp\/v2\/posts\/11352\/revisions\/11353"}],"wp:featuredmedia":[{"embeddable":true,"href":"https:\/\/mifavorita.com.pa\/2017\/wp-json\/wp\/v2\/media\/11351"}],"wp:attachment":[{"href":"https:\/\/mifavorita.com.pa\/2017\/wp-json\/wp\/v2\/media?parent=11352"}],"wp:term":[{"taxonomy":"category","embeddable":true,"href":"https:\/\/mifavorita.com.pa\/2017\/wp-json\/wp\/v2\/categories?post=11352"},{"taxonomy":"post_tag","embeddable":true,"href":"https:\/\/mifavorita.com.pa\/2017\/wp-json\/wp\/v2\/tags?post=11352"}],"curies":[{"name":"wp","href":"https:\/\/api.w.org\/{rel}","templated":true}]}}