{"id":11354,"date":"2024-04-30T12:25:27","date_gmt":"2024-04-30T12:25:27","guid":{"rendered":"https:\/\/mifavorita.com.pa\/2017\/?p=11354"},"modified":"2024-10-08T20:59:27","modified_gmt":"2024-10-08T20:59:27","slug":"promotores-electorales-fueron-juramentados-en-cocle-magistrado-del-te-los-exhorto-a-rechazar-el-clientelismo","status":"publish","type":"post","link":"https:\/\/mifavorita.com.pa\/2017\/promotores-electorales-fueron-juramentados-en-cocle-magistrado-del-te-los-exhorto-a-rechazar-el-clientelismo\/","title":{"rendered":"PROMOTORES ELECTORALES FUERON JURAMENTADOS EN COCL\u00c9, MAGISTRADO DEL TE LOS EXHORT\u00d3 A RECHAZAR EL CLIENTELISMO"},"content":{"rendered":"\n<p>DAMGELA DE LE\u00d3N<\/p>\n\n\n\n<p>Mediante un acto, el magistrado del tribunal electoral, Luis Guerra, jurament\u00f3 el domingo 28 de abril a los promotores electorales en Cocl\u00e9, que ser\u00e1n los encargados de guiar a los electores hacia las urnas que les corresponden este pr\u00f3ximo domingo 5 de mayo. Tanto inspectores de centro, coordinadores, informadores y oficiales de Transmisi\u00f3n, estuvieron presentes.<\/p>\n\n\n\n<p><br>En este acto, los funcionarios del tribunal electoral de Cocl\u00e9 recalcaron la ardua labor que tanto ellos como los voluntarios tendr\u00e1n en las elecciones, por lo que los animaron a mantener la \u00e9tica y responsabilidad.<\/p>\n\n\n\n<figure class=\"wp-block-image size-large\"><img fetchpriority=\"high\" decoding=\"async\" width=\"1024\" height=\"768\" src=\"https:\/\/mifavorita.com.pa\/2017\/wp-content\/uploads\/2024\/04\/img-20240429-wa01056654873514916274564-1024x768.jpg\" alt=\"\" class=\"wp-image-11357\" srcset=\"https:\/\/mifavorita.com.pa\/2017\/wp-content\/uploads\/2024\/04\/img-20240429-wa01056654873514916274564-1024x768.jpg 1024w, https:\/\/mifavorita.com.pa\/2017\/wp-content\/uploads\/2024\/04\/img-20240429-wa01056654873514916274564-300x225.jpg 300w, https:\/\/mifavorita.com.pa\/2017\/wp-content\/uploads\/2024\/04\/img-20240429-wa01056654873514916274564-768x576.jpg 768w, https:\/\/mifavorita.com.pa\/2017\/wp-content\/uploads\/2024\/04\/img-20240429-wa01056654873514916274564-1536x1152.jpg 1536w, https:\/\/mifavorita.com.pa\/2017\/wp-content\/uploads\/2024\/04\/img-20240429-wa01056654873514916274564-1200x900.jpg 1200w, https:\/\/mifavorita.com.pa\/2017\/wp-content\/uploads\/2024\/04\/img-20240429-wa01056654873514916274564.jpg 1600w\" sizes=\"(max-width: 1024px) 100vw, 1024px\" \/><\/figure>\n\n\n\n<p><br>El Magistrado Guerra, explic\u00f3 que este acto mantuvo una nutrida participaci\u00f3n, al igual que otras juramentaciones en otros puntos del pa\u00eds, por lo que agradeci\u00f3 la visita de j\u00f3venes promotores de zonas apartadas de la provincia a este importante acto.<\/p>\n\n\n\n<figure class=\"wp-block-image size-large\"><img decoding=\"async\" width=\"1024\" height=\"576\" src=\"https:\/\/mifavorita.com.pa\/2017\/wp-content\/uploads\/2024\/04\/img-20240429-wa01044863946102378438929-1024x576.jpg\" alt=\"\" class=\"wp-image-11358\" srcset=\"https:\/\/mifavorita.com.pa\/2017\/wp-content\/uploads\/2024\/04\/img-20240429-wa01044863946102378438929-1024x576.jpg 1024w, https:\/\/mifavorita.com.pa\/2017\/wp-content\/uploads\/2024\/04\/img-20240429-wa01044863946102378438929-300x169.jpg 300w, https:\/\/mifavorita.com.pa\/2017\/wp-content\/uploads\/2024\/04\/img-20240429-wa01044863946102378438929-768x432.jpg 768w, https:\/\/mifavorita.com.pa\/2017\/wp-content\/uploads\/2024\/04\/img-20240429-wa01044863946102378438929-1536x864.jpg 1536w, https:\/\/mifavorita.com.pa\/2017\/wp-content\/uploads\/2024\/04\/img-20240429-wa01044863946102378438929-1200x675.jpg 1200w, https:\/\/mifavorita.com.pa\/2017\/wp-content\/uploads\/2024\/04\/img-20240429-wa01044863946102378438929.jpg 1600w\" sizes=\"(max-width: 1024px) 100vw, 1024px\" \/><\/figure>\n\n\n\n<p><br>Tambi\u00e9n se refiri\u00f3 a algunas situaciones que se presentaron en los \u00faltimos d\u00edas con respecto al voto electr\u00f3nico, el cual no ser\u00e1 utilizado por recomendaci\u00f3n de los observadores y que permanecer\u00e1 a trav\u00e9s de urnas tradicionales, as\u00ed tambi\u00e9n con el voto adelantado y de extranjeros el cual se mantendr\u00e1 como se hab\u00eda estipulado.<\/p>\n\n\n\n<p><br>Guerra fue enf\u00e1tico que en el caso de la inhabilitaci\u00f3n de la candidata a diputada por el circuito 2-3, Dana Casta\u00f1eda, no pod\u00eda emitir declaraciones, ya que probablemente se utilice el recurso de apelaci\u00f3n en el caso.<br>Finalmente, el Magistrado se\u00f1al\u00f3 que invitaba a los j\u00f3venes que participar\u00e1n de esta contienda como orientadores, a rechazar el clientelismo, a estar alertas y denunciar.<\/p>\n\n\n\n<figure class=\"wp-block-image size-large\"><img decoding=\"async\" width=\"1024\" height=\"576\" src=\"https:\/\/mifavorita.com.pa\/2017\/wp-content\/uploads\/2024\/04\/img-20240429-wa01037797451478768246496-1024x576.jpg\" alt=\"\" class=\"wp-image-11359\" srcset=\"https:\/\/mifavorita.com.pa\/2017\/wp-content\/uploads\/2024\/04\/img-20240429-wa01037797451478768246496-1024x576.jpg 1024w, https:\/\/mifavorita.com.pa\/2017\/wp-content\/uploads\/2024\/04\/img-20240429-wa01037797451478768246496-300x169.jpg 300w, https:\/\/mifavorita.com.pa\/2017\/wp-content\/uploads\/2024\/04\/img-20240429-wa01037797451478768246496-768x432.jpg 768w, https:\/\/mifavorita.com.pa\/2017\/wp-content\/uploads\/2024\/04\/img-20240429-wa01037797451478768246496-1536x864.jpg 1536w, https:\/\/mifavorita.com.pa\/2017\/wp-content\/uploads\/2024\/04\/img-20240429-wa01037797451478768246496-1200x675.jpg 1200w, https:\/\/mifavorita.com.pa\/2017\/wp-content\/uploads\/2024\/04\/img-20240429-wa01037797451478768246496.jpg 1600w\" sizes=\"(max-width: 1024px) 100vw, 1024px\" \/><\/figure>\n\n\n\n<p><br>Los promotores son estudiantes de diversos centros educativos de la provincia que han sido preparados durante un a\u00f1o para apoyar durante este d\u00eda. Cocl\u00e9 contar\u00e1 con 334 centros de votaci\u00f3n y 591 mesas.<\/p>\n","protected":false},"excerpt":{"rendered":"<p>DAMGELA DE LE\u00d3N Mediante un acto, el magistrado del tribunal electoral, Luis Guerra, jurament\u00f3 el domingo 28 de abril a los promotores electorales en Cocl\u00e9, que ser\u00e1n los encargados de guiar a los electores hacia las urnas que les corresponden este pr\u00f3ximo domingo 5 de mayo. Tanto inspectores de centro, coordinadores, informadores y oficiales de [&hellip;]<\/p>\n","protected":false},"author":6,"featured_media":11356,"comment_status":"open","ping_status":"open","sticky":false,"template":"","format":"standard","meta":{"footnotes":""},"categories":[1,33],"tags":[],"class_list":["post-11354","post","type-post","status-publish","format-standard","has-post-thumbnail","hentry","category-noticias","category-politica"],"_links":{"self":[{"href":"https:\/\/mifavorita.com.pa\/2017\/wp-json\/wp\/v2\/posts\/11354","targetHints":{"allow":["GET"]}}],"collection":[{"href":"https:\/\/mifavorita.com.pa\/2017\/wp-json\/wp\/v2\/posts"}],"about":[{"href":"https:\/\/mifavorita.com.pa\/2017\/wp-json\/wp\/v2\/types\/post"}],"author":[{"embeddable":true,"href":"https:\/\/mifavorita.com.pa\/2017\/wp-json\/wp\/v2\/users\/6"}],"replies":[{"embeddable":true,"href":"https:\/\/mifavorita.com.pa\/2017\/wp-json\/wp\/v2\/comments?post=11354"}],"version-history":[{"count":2,"href":"https:\/\/mifavorita.com.pa\/2017\/wp-json\/wp\/v2\/posts\/11354\/revisions"}],"predecessor-version":[{"id":11360,"href":"https:\/\/mifavorita.com.pa\/2017\/wp-json\/wp\/v2\/posts\/11354\/revisions\/11360"}],"wp:featuredmedia":[{"embeddable":true,"href":"https:\/\/mifavorita.com.pa\/2017\/wp-json\/wp\/v2\/media\/11356"}],"wp:attachment":[{"href":"https:\/\/mifavorita.com.pa\/2017\/wp-json\/wp\/v2\/media?parent=11354"}],"wp:term":[{"taxonomy":"category","embeddable":true,"href":"https:\/\/mifavorita.com.pa\/2017\/wp-json\/wp\/v2\/categories?post=11354"},{"taxonomy":"post_tag","embeddable":true,"href":"https:\/\/mifavorita.com.pa\/2017\/wp-json\/wp\/v2\/tags?post=11354"}],"curies":[{"name":"wp","href":"https:\/\/api.w.org\/{rel}","templated":true}]}}