{"id":11367,"date":"2024-05-01T00:30:06","date_gmt":"2024-05-01T00:30:06","guid":{"rendered":"https:\/\/mifavorita.com.pa\/2017\/?p=11367"},"modified":"2024-10-08T20:58:57","modified_gmt":"2024-10-08T20:58:57","slug":"panama-espera-la-llegada-de-las-vacunas-hexavalente-contra-la-covid-19-y-contra-la-influenza-esta-sermana","status":"publish","type":"post","link":"https:\/\/mifavorita.com.pa\/2017\/panama-espera-la-llegada-de-las-vacunas-hexavalente-contra-la-covid-19-y-contra-la-influenza-esta-sermana\/","title":{"rendered":"PANAM\u00c1 ESPERA LA LLEGADA DE LAS VACUNAS HEXAVALENTE CONTRA LA COVID-19 Y CONTRA LA INFLUENZA ESTA SERMANA"},"content":{"rendered":"\n<p>DAMGELA DE LE\u00d3N<\/p>\n\n\n\n<p>Durante esta semana deben llegar a Panam\u00e1 las dosis de vacunas hexavalente y contra la influenza, siendo estas las m\u00e1s solicitadas durante la Jornada de Vacunaci\u00f3n de las Am\u00e9ricas en este 2024, que lleva a cabo el Ministerio de Salud.<\/p>\n\n\n\n<p><br>Una vez est\u00e9n en territorio nacional, ser\u00e1n distribuidas de manera inmediata a las diferentes regiones. En el caso de la vacuna hexavalente para ni\u00f1os, es necesario colocarla a los 2, 4 y 6 meses de colocada la anterior dosis, a manera de refuerzo.<\/p>\n\n\n\n<figure class=\"wp-block-image size-large\"><img fetchpriority=\"high\" decoding=\"async\" width=\"1024\" height=\"683\" src=\"https:\/\/mifavorita.com.pa\/2017\/wp-content\/uploads\/2024\/05\/sva2024343915447355181385221-1024x683.webp\" alt=\"\" class=\"wp-image-11366\" srcset=\"https:\/\/mifavorita.com.pa\/2017\/wp-content\/uploads\/2024\/05\/sva2024343915447355181385221-1024x683.webp 1024w, https:\/\/mifavorita.com.pa\/2017\/wp-content\/uploads\/2024\/05\/sva2024343915447355181385221-300x200.webp 300w, https:\/\/mifavorita.com.pa\/2017\/wp-content\/uploads\/2024\/05\/sva2024343915447355181385221-768x512.webp 768w, https:\/\/mifavorita.com.pa\/2017\/wp-content\/uploads\/2024\/05\/sva2024343915447355181385221-1200x800.webp 1200w, https:\/\/mifavorita.com.pa\/2017\/wp-content\/uploads\/2024\/05\/sva2024343915447355181385221.webp 1500w\" sizes=\"(max-width: 1024px) 100vw, 1024px\" \/><\/figure>\n\n\n\n<p><br>Querube D\u00edaz, de promoci\u00f3n de la salud, explic\u00f3 que a pesar que este martes termina la semana de vacunaci\u00f3n de las am\u00e9ricas, tanto en los centros, subcentros como en los puestos de salud, estar\u00e1n disponibles las vacunas del esquema general.<\/p>\n\n\n\n<p><br>D\u00edaz tambi\u00e9n se\u00f1al\u00f3 que las visitas del programa de salud estudiantil han seguido realiz\u00e1ndose en los diferentes centros educativos de la provincia, y que se mantienen cubriendo todas las zonas escolares.<\/p>\n\n\n\n<p><br>Cocl\u00e9 tambi\u00e9n culmin\u00f3 su jornada contra el sarampi\u00f3n con una cobertura del 96% de los infantes menores de 5 a\u00f1os inoculados, sin embargo, dicha vacuna seguir\u00e1 disponible en el sistema del MINSA para todo el que le haga falta.<\/p>\n","protected":false},"excerpt":{"rendered":"<p>DAMGELA DE LE\u00d3N Durante esta semana deben llegar a Panam\u00e1 las dosis de vacunas hexavalente y contra la influenza, siendo estas las m\u00e1s solicitadas durante la Jornada de Vacunaci\u00f3n de las Am\u00e9ricas en este 2024, que lleva a cabo el Ministerio de Salud. Una vez est\u00e9n en territorio nacional, ser\u00e1n distribuidas de manera inmediata a [&hellip;]<\/p>\n","protected":false},"author":2,"featured_media":11365,"comment_status":"open","ping_status":"open","sticky":false,"template":"","format":"standard","meta":{"footnotes":""},"categories":[1,16],"tags":[],"class_list":["post-11367","post","type-post","status-publish","format-standard","has-post-thumbnail","hentry","category-noticias","category-salud"],"_links":{"self":[{"href":"https:\/\/mifavorita.com.pa\/2017\/wp-json\/wp\/v2\/posts\/11367","targetHints":{"allow":["GET"]}}],"collection":[{"href":"https:\/\/mifavorita.com.pa\/2017\/wp-json\/wp\/v2\/posts"}],"about":[{"href":"https:\/\/mifavorita.com.pa\/2017\/wp-json\/wp\/v2\/types\/post"}],"author":[{"embeddable":true,"href":"https:\/\/mifavorita.com.pa\/2017\/wp-json\/wp\/v2\/users\/2"}],"replies":[{"embeddable":true,"href":"https:\/\/mifavorita.com.pa\/2017\/wp-json\/wp\/v2\/comments?post=11367"}],"version-history":[{"count":1,"href":"https:\/\/mifavorita.com.pa\/2017\/wp-json\/wp\/v2\/posts\/11367\/revisions"}],"predecessor-version":[{"id":11368,"href":"https:\/\/mifavorita.com.pa\/2017\/wp-json\/wp\/v2\/posts\/11367\/revisions\/11368"}],"wp:featuredmedia":[{"embeddable":true,"href":"https:\/\/mifavorita.com.pa\/2017\/wp-json\/wp\/v2\/media\/11365"}],"wp:attachment":[{"href":"https:\/\/mifavorita.com.pa\/2017\/wp-json\/wp\/v2\/media?parent=11367"}],"wp:term":[{"taxonomy":"category","embeddable":true,"href":"https:\/\/mifavorita.com.pa\/2017\/wp-json\/wp\/v2\/categories?post=11367"},{"taxonomy":"post_tag","embeddable":true,"href":"https:\/\/mifavorita.com.pa\/2017\/wp-json\/wp\/v2\/tags?post=11367"}],"curies":[{"name":"wp","href":"https:\/\/api.w.org\/{rel}","templated":true}]}}