{"id":11370,"date":"2024-05-01T12:24:52","date_gmt":"2024-05-01T12:24:52","guid":{"rendered":"https:\/\/mifavorita.com.pa\/2017\/?p=11370"},"modified":"2024-10-08T20:58:51","modified_gmt":"2024-10-08T20:58:51","slug":"hechos-suscitados-en-el-ipt-leonila-pinzon-son-investigados-asegura-subdirector-del-plantel","status":"publish","type":"post","link":"https:\/\/mifavorita.com.pa\/2017\/hechos-suscitados-en-el-ipt-leonila-pinzon-son-investigados-asegura-subdirector-del-plantel\/","title":{"rendered":"HECHOS SUSCITADOS EN EL IPT LEONILA PINZ\u00d3N SON INVESTIGADOS ASEGURA SUBDIRECTOR DEL PLANTEL"},"content":{"rendered":"\n<p>EDILSA GONZ\u00c1LEZ&nbsp;&nbsp;ROCA<\/p>\n\n\n\n<p>Calma y paciencia para lograr cumplir los procesos investigativos, es lo que solicit\u00f3 el subdirector t\u00e9cnico docente del IPT Leonila Pinz\u00f3n de Grimaldo, Audino Fuentes, a los padres de familia de esta comunidad educativa, esto ante las denuncias de presunta falta de inter\u00e9s por investigar los hechos de violencia suscitados recientemente dentro de este centro educativo.<\/p>\n\n\n\n<p>La reacci\u00f3n del subdirector se dio luego de que algunos padres de familia acudieron al plantel a exigir se les explicara qu\u00e9 estaba pasando en la escuela y a ra\u00edz de qu\u00e9 situaci\u00f3n, un estudiante hab\u00eda agredido a una docente causando heridas en su rostro y un tema de p\u00e9rdida de celulares.<\/p>\n\n\n\n<p>Fuentes asegur\u00f3 que la administraci\u00f3n que dirige Ricardo N\u00fa\u00f1ez como director y esto de la administraci\u00f3n est\u00e1n preocupados y han puesto inter\u00e9s en que se atiendan las situaciones que se dan en el plantel, tanto en las p\u00e9rdidas de celulares, a pesar de que el reglamento interno proh\u00edbe a los estudiantes llevarlos y exime al colegio de responsabilidad en estos casos, como de otros hechos de violencia.<\/p>\n\n\n\n<p>Indic\u00f3 que la administraci\u00f3n inici\u00f3 una investigaci\u00f3n interna por el caso del estudiante que agredi\u00f3 a la docente, no obstante se trata de detalles de expedientes de menores de edad que no pueden estar ventilando ante los medios ni tampoco a ning\u00fan padre de familia que no sea acudiente.<\/p>\n\n\n\n<p>Indic\u00f3 adem\u00e1s que el Ministerio P\u00fablico a trav\u00e9s de la Fiscal\u00eda de Ni\u00f1ez y Adolescencia lleva una investigaci\u00f3n, lo mismo que una comisi\u00f3n interdisciplinaria enviada por el Ministerio de Educaci\u00f3n que incluye a la supervisora de la zona y a los gabinetes psicopedag\u00f3gicos del Meduca.<\/p>\n\n\n\n<p>Asegur\u00f3 que precisamente a trav\u00e9s del gabinete psicopedag\u00f3gico del colegio han estado orientando y trabajando con los estudiantes en las normas de conducta, en el respeto a la propiedad ajena, disciplina y situaciones personales de los estudiantes e incluso se han solicitado a entidades como la Caja de Seguro Social y la Polic\u00eda de Menores que lleven programas para los j\u00f3venes.<\/p>\n\n\n\n<p>Seg\u00fan Fuentes, el IPT es uno de los mejores colegios de la provincia con un buen sistema educativo, con distintos programas acad\u00e9micos que les han merecido reconocimientos a sus estudiantes y que est\u00e1n pr\u00f3ximos a celebrar 37 a\u00f1os, por lo que su compromiso es seguir educando con calidad los j\u00f3venes de Penonom\u00e9.<\/p>\n","protected":false},"excerpt":{"rendered":"<p>EDILSA GONZ\u00c1LEZ&nbsp;&nbsp;ROCA Calma y paciencia para lograr cumplir los procesos investigativos, es lo que solicit\u00f3 el subdirector t\u00e9cnico docente del IPT Leonila Pinz\u00f3n de Grimaldo, Audino Fuentes, a los padres de familia de esta comunidad educativa, esto ante las denuncias de presunta falta de inter\u00e9s por investigar los hechos de violencia suscitados recientemente dentro de [&hellip;]<\/p>\n","protected":false},"author":2,"featured_media":11369,"comment_status":"open","ping_status":"open","sticky":false,"template":"","format":"standard","meta":{"footnotes":""},"categories":[17,1],"tags":[],"class_list":["post-11370","post","type-post","status-publish","format-standard","has-post-thumbnail","hentry","category-comunitaria","category-noticias"],"_links":{"self":[{"href":"https:\/\/mifavorita.com.pa\/2017\/wp-json\/wp\/v2\/posts\/11370","targetHints":{"allow":["GET"]}}],"collection":[{"href":"https:\/\/mifavorita.com.pa\/2017\/wp-json\/wp\/v2\/posts"}],"about":[{"href":"https:\/\/mifavorita.com.pa\/2017\/wp-json\/wp\/v2\/types\/post"}],"author":[{"embeddable":true,"href":"https:\/\/mifavorita.com.pa\/2017\/wp-json\/wp\/v2\/users\/2"}],"replies":[{"embeddable":true,"href":"https:\/\/mifavorita.com.pa\/2017\/wp-json\/wp\/v2\/comments?post=11370"}],"version-history":[{"count":1,"href":"https:\/\/mifavorita.com.pa\/2017\/wp-json\/wp\/v2\/posts\/11370\/revisions"}],"predecessor-version":[{"id":11371,"href":"https:\/\/mifavorita.com.pa\/2017\/wp-json\/wp\/v2\/posts\/11370\/revisions\/11371"}],"wp:featuredmedia":[{"embeddable":true,"href":"https:\/\/mifavorita.com.pa\/2017\/wp-json\/wp\/v2\/media\/11369"}],"wp:attachment":[{"href":"https:\/\/mifavorita.com.pa\/2017\/wp-json\/wp\/v2\/media?parent=11370"}],"wp:term":[{"taxonomy":"category","embeddable":true,"href":"https:\/\/mifavorita.com.pa\/2017\/wp-json\/wp\/v2\/categories?post=11370"},{"taxonomy":"post_tag","embeddable":true,"href":"https:\/\/mifavorita.com.pa\/2017\/wp-json\/wp\/v2\/tags?post=11370"}],"curies":[{"name":"wp","href":"https:\/\/api.w.org\/{rel}","templated":true}]}}