{"id":11374,"date":"2024-05-03T18:13:02","date_gmt":"2024-05-03T18:13:02","guid":{"rendered":"https:\/\/mifavorita.com.pa\/2017\/?p=11374"},"modified":"2024-10-08T20:58:42","modified_gmt":"2024-10-08T20:58:42","slug":"mas-de-650-funcionarios-laboraran-para-el-te-durante-elecciones-generales","status":"publish","type":"post","link":"https:\/\/mifavorita.com.pa\/2017\/mas-de-650-funcionarios-laboraran-para-el-te-durante-elecciones-generales\/","title":{"rendered":"M\u00c1S DE 650 FUNCIONARIOS LABORAR\u00c1N PARA EL TE, DURANTE ELECCIONES GENERALES"},"content":{"rendered":"\n<p class=\"MsoNormal\">EDILSA GONZ\u00c1LEZ ROCA<\/p>\n\n\n\n<p class=\"MsoNormal\">M\u00e1s de 650 funcionarios laborar\u00e1n para el Tribunal Electoral durante este fin de semana en la realizaci\u00f3n del proceso electoral de este 5 de mayo en la provincia de Cocl\u00e9, se trata de personal seleccionado por la direcci\u00f3n de Organizaci\u00f3n Electoral para llevar adelante las votaciones.<\/p>\n\n\n\n<p class=\"MsoNormal\">Seg\u00fan detall\u00f3 Francisco Conte director regional de Organizaci\u00f3n Electoral del Tribunal Electoral en la provincia de Cocl\u00e9 detall\u00f3 que en total laborar\u00e1n 16 coordinadores de \u00e1rea, 360 coordinadores de centro, 75 informadores ubicados en las escuelas con mayor cantidad de electores y 206 oficiales de TER, que se encargar\u00e1n de transmitir los resultados del conteo en las mesas de votaci\u00f3n.<\/p>\n\n\n\n<p class=\"MsoNormal\">Para este proceso electoral del 5 de mayo de 2024 en la provincia de Cocl\u00e9 est\u00e1n habilitados para votar un total de 208 mil 418 electores distribuidos en 59i mesas de votaci\u00f3n en 334 centros de votaci\u00f3n, adem\u00e1s se establecer\u00e1n 8 mesas especiales en los centros penitenciarios y en los hospitales de la provincia.<\/p>\n\n\n\n<figure class=\"wp-block-image size-large\"><img fetchpriority=\"high\" decoding=\"async\" width=\"1024\" height=\"576\" src=\"https:\/\/mifavorita.com.pa\/2017\/wp-content\/uploads\/2024\/05\/videocapture_20240503-1310464461657821907252619-1024x576.jpg\" alt=\"\" class=\"wp-image-11373\" srcset=\"https:\/\/mifavorita.com.pa\/2017\/wp-content\/uploads\/2024\/05\/videocapture_20240503-1310464461657821907252619-1024x576.jpg 1024w, https:\/\/mifavorita.com.pa\/2017\/wp-content\/uploads\/2024\/05\/videocapture_20240503-1310464461657821907252619-300x169.jpg 300w, https:\/\/mifavorita.com.pa\/2017\/wp-content\/uploads\/2024\/05\/videocapture_20240503-1310464461657821907252619-768x432.jpg 768w, https:\/\/mifavorita.com.pa\/2017\/wp-content\/uploads\/2024\/05\/videocapture_20240503-1310464461657821907252619-1536x864.jpg 1536w, https:\/\/mifavorita.com.pa\/2017\/wp-content\/uploads\/2024\/05\/videocapture_20240503-1310464461657821907252619-1200x675.jpg 1200w, https:\/\/mifavorita.com.pa\/2017\/wp-content\/uploads\/2024\/05\/videocapture_20240503-1310464461657821907252619.jpg 1920w\" sizes=\"(max-width: 1024px) 100vw, 1024px\" \/><\/figure>\n\n\n\n<p class=\"MsoNormal\">Se tiene previsto que este 5 de mayo la apertura de las mesas de votaci\u00f3n se d\u00e9 a las siete en punto de la ma\u00f1ana y culmine a las cuatro de la tarde, a eso de las dos de la tarde deben instalarse las cuatro juntas circuitales para el conteo de los votos presidenciales, 4 juntas circuitales para la proclamaci\u00f3n de los diputados, 6 juntas distritales que proclamar\u00e1n a los alcaldes electos y 53 juntas de escrutinio comunal para la proclamaci\u00f3n de los representantes de corregimiento.<\/p>\n\n\n\n<p class=\"MsoNormal\">Para estas elecciones generales en la provincia de Cocl\u00e9 se escoger\u00e1n adem\u00e1s de los votos para presidente, 5 diputados en cuatro circuitos electorales, seis alcaldes y 53 representantes de corregimientos, seis de ellos ocupar\u00e1n, por primera vez estas posiciones luego de la creaci\u00f3n de seis nuevos corregimientos en el distrito de Penonom\u00e9.<\/p>\n\n\n\n<p class=\"MsoNormal\">A partir de este viernes el Tribunal Electoral en la provincia de Cocl\u00e9 estar\u00e1 enviando a todo el personal que laborar\u00e1 en \u00e1reas de dif\u00edcil acceso con el apoyo de las instituciones del Estado que estar\u00e1n colaborando con veh\u00edculos, personal y la polic\u00eda nacional que tambi\u00e9n estar\u00e1 en estos sectores garantizando la libertad del sufragio.<\/p>\n","protected":false},"excerpt":{"rendered":"<p>EDILSA GONZ\u00c1LEZ ROCA M\u00e1s de 650 funcionarios laborar\u00e1n para el Tribunal Electoral durante este fin de semana en la realizaci\u00f3n del proceso electoral de este 5 de mayo en la provincia de Cocl\u00e9, se trata de personal seleccionado por la direcci\u00f3n de Organizaci\u00f3n Electoral para llevar adelante las votaciones. Seg\u00fan detall\u00f3 Francisco Conte director regional [&hellip;]<\/p>\n","protected":false},"author":2,"featured_media":11372,"comment_status":"open","ping_status":"open","sticky":false,"template":"","format":"standard","meta":{"footnotes":""},"categories":[1,33],"tags":[],"class_list":["post-11374","post","type-post","status-publish","format-standard","has-post-thumbnail","hentry","category-noticias","category-politica"],"_links":{"self":[{"href":"https:\/\/mifavorita.com.pa\/2017\/wp-json\/wp\/v2\/posts\/11374","targetHints":{"allow":["GET"]}}],"collection":[{"href":"https:\/\/mifavorita.com.pa\/2017\/wp-json\/wp\/v2\/posts"}],"about":[{"href":"https:\/\/mifavorita.com.pa\/2017\/wp-json\/wp\/v2\/types\/post"}],"author":[{"embeddable":true,"href":"https:\/\/mifavorita.com.pa\/2017\/wp-json\/wp\/v2\/users\/2"}],"replies":[{"embeddable":true,"href":"https:\/\/mifavorita.com.pa\/2017\/wp-json\/wp\/v2\/comments?post=11374"}],"version-history":[{"count":1,"href":"https:\/\/mifavorita.com.pa\/2017\/wp-json\/wp\/v2\/posts\/11374\/revisions"}],"predecessor-version":[{"id":11375,"href":"https:\/\/mifavorita.com.pa\/2017\/wp-json\/wp\/v2\/posts\/11374\/revisions\/11375"}],"wp:featuredmedia":[{"embeddable":true,"href":"https:\/\/mifavorita.com.pa\/2017\/wp-json\/wp\/v2\/media\/11372"}],"wp:attachment":[{"href":"https:\/\/mifavorita.com.pa\/2017\/wp-json\/wp\/v2\/media?parent=11374"}],"wp:term":[{"taxonomy":"category","embeddable":true,"href":"https:\/\/mifavorita.com.pa\/2017\/wp-json\/wp\/v2\/categories?post=11374"},{"taxonomy":"post_tag","embeddable":true,"href":"https:\/\/mifavorita.com.pa\/2017\/wp-json\/wp\/v2\/tags?post=11374"}],"curies":[{"name":"wp","href":"https:\/\/api.w.org\/{rel}","templated":true}]}}