{"id":11380,"date":"2024-05-03T19:23:35","date_gmt":"2024-05-03T19:23:35","guid":{"rendered":"https:\/\/mifavorita.com.pa\/2017\/?p=11380"},"modified":"2024-10-08T20:58:33","modified_gmt":"2024-10-08T20:58:33","slug":"cosecha-de-cebolla-en-todo-su-apogeo-ima-ha-comprado-mas-de-35-mil-quintales","status":"publish","type":"post","link":"https:\/\/mifavorita.com.pa\/2017\/cosecha-de-cebolla-en-todo-su-apogeo-ima-ha-comprado-mas-de-35-mil-quintales\/","title":{"rendered":"COSECHA DE CEBOLLA EN TODO SU APOGEO, IMA HA COMPRADO MAS DE 35 MIL QUINTALES"},"content":{"rendered":"\n<p class=\"MsoNormal\">EDILSA GONZ\u00c1LEZ ROCA<\/p>\n\n\n\n<p class=\"MsoNormal\">La pr\u00f3xima semana podr\u00eda culminar la zafra de cebolla en la provincia de Cocl\u00e9, principalmente en el \u00e1rea de Nat\u00e1 en donde se concentra la mayor cantidad de hect\u00e1reas sembradas para este ciclo 2023-2024, as\u00ed lo dio a conocer Arist\u00eddes Aguirre Secretario T\u00e9cnico del Mida regi\u00f3n 4 de Cocl\u00e9.<\/p>\n\n\n\n<p class=\"MsoNormal\">Seg\u00fan el funcionario para este a\u00f1o 2024 un total de 409 productores\u00a0\u00a0sembraron 123.14 hect\u00e1reas de cebolla, la mayor\u00eda de ellas en Nat\u00e1 en donde hay un total de 309 productores registrados y pertenecientes a las 4 asociaciones de cebolleros que existen.<\/p>\n\n\n\n<figure class=\"wp-block-image size-large\"><img fetchpriority=\"high\" decoding=\"async\" width=\"1024\" height=\"768\" src=\"https:\/\/mifavorita.com.pa\/2017\/wp-content\/uploads\/2024\/05\/img-20240503-wa01218511592705399656051-1024x768.jpg\" alt=\"\" class=\"wp-image-11377\" srcset=\"https:\/\/mifavorita.com.pa\/2017\/wp-content\/uploads\/2024\/05\/img-20240503-wa01218511592705399656051-1024x768.jpg 1024w, https:\/\/mifavorita.com.pa\/2017\/wp-content\/uploads\/2024\/05\/img-20240503-wa01218511592705399656051-300x225.jpg 300w, https:\/\/mifavorita.com.pa\/2017\/wp-content\/uploads\/2024\/05\/img-20240503-wa01218511592705399656051-768x576.jpg 768w, https:\/\/mifavorita.com.pa\/2017\/wp-content\/uploads\/2024\/05\/img-20240503-wa01218511592705399656051-1200x900.jpg 1200w, https:\/\/mifavorita.com.pa\/2017\/wp-content\/uploads\/2024\/05\/img-20240503-wa01218511592705399656051.jpg 1280w\" sizes=\"(max-width: 1024px) 100vw, 1024px\" \/><\/figure>\n\n\n\n<p class=\"MsoNormal\">Indic\u00f3 que al igual que a\u00f1os anteriores el Instituto de Mercadeo Agropecuario (IMA) ha estado comprando cebolla a los productores de Nat\u00e1 y otras comunidades y hasta el momento de manera ordenada y de acuerdo con las asociaciones se han comprado 37 mil 957 quintales de cebolla y se han atendido 301 productores.<\/p>\n\n\n\n<p class=\"MsoNormal\">Seg\u00fan el funcionario, el Ima ha coordinado para que a cada productor se le compre un porcentaje seg\u00fan la cantidad de hect\u00e1reas sembradas y se les est\u00e1 pagando a un precio de 55 balboas el quintal de cebolla lo que a la fecha representa una inversi\u00f3n del Estado de 2 millones 87 mil 635 balboas que se pagar\u00e1n a los productores.<\/p>\n\n\n\n<figure class=\"wp-block-image size-large\"><img decoding=\"async\" width=\"768\" height=\"1024\" src=\"https:\/\/mifavorita.com.pa\/2017\/wp-content\/uploads\/2024\/05\/img-20240503-wa01658025971080302641903-768x1024.jpg\" alt=\"\" class=\"wp-image-11379\" srcset=\"https:\/\/mifavorita.com.pa\/2017\/wp-content\/uploads\/2024\/05\/img-20240503-wa01658025971080302641903-768x1024.jpg 768w, https:\/\/mifavorita.com.pa\/2017\/wp-content\/uploads\/2024\/05\/img-20240503-wa01658025971080302641903-225x300.jpg 225w, https:\/\/mifavorita.com.pa\/2017\/wp-content\/uploads\/2024\/05\/img-20240503-wa01658025971080302641903-1152x1536.jpg 1152w, https:\/\/mifavorita.com.pa\/2017\/wp-content\/uploads\/2024\/05\/img-20240503-wa01658025971080302641903.jpg 1200w\" sizes=\"(max-width: 768px) 100vw, 768px\" \/><\/figure>\n\n\n\n<p class=\"MsoNormal\">El rendimiento por hect\u00e1rea para este ciclo de reproducci\u00f3n se ha calculado en cerca de 410 quintales por hect\u00e1rea a pesar de las afectaciones que se han presentado con algunas nuevas variedades de semillas que debido a las altas temperaturas se han quedado un poco chicas dijo Aguirre.<\/p>\n\n\n\n<p class=\"MsoNormal\">Para esta zafra de cebolla se calcula que la producci\u00f3n en la provincia de Cocl\u00e9 podr\u00eda rondar los 50 mil quintales de cebolla.<\/p>\n","protected":false},"excerpt":{"rendered":"<p>EDILSA GONZ\u00c1LEZ ROCA La pr\u00f3xima semana podr\u00eda culminar la zafra de cebolla en la provincia de Cocl\u00e9, principalmente en el \u00e1rea de Nat\u00e1 en donde se concentra la mayor cantidad de hect\u00e1reas sembradas para este ciclo 2023-2024, as\u00ed lo dio a conocer Arist\u00eddes Aguirre Secretario T\u00e9cnico del Mida regi\u00f3n 4 de Cocl\u00e9. Seg\u00fan el funcionario [&hellip;]<\/p>\n","protected":false},"author":5,"featured_media":11376,"comment_status":"open","ping_status":"open","sticky":false,"template":"","format":"standard","meta":{"footnotes":""},"categories":[29,1],"tags":[],"class_list":["post-11380","post","type-post","status-publish","format-standard","has-post-thumbnail","hentry","category-agro-negocios","category-noticias"],"_links":{"self":[{"href":"https:\/\/mifavorita.com.pa\/2017\/wp-json\/wp\/v2\/posts\/11380","targetHints":{"allow":["GET"]}}],"collection":[{"href":"https:\/\/mifavorita.com.pa\/2017\/wp-json\/wp\/v2\/posts"}],"about":[{"href":"https:\/\/mifavorita.com.pa\/2017\/wp-json\/wp\/v2\/types\/post"}],"author":[{"embeddable":true,"href":"https:\/\/mifavorita.com.pa\/2017\/wp-json\/wp\/v2\/users\/5"}],"replies":[{"embeddable":true,"href":"https:\/\/mifavorita.com.pa\/2017\/wp-json\/wp\/v2\/comments?post=11380"}],"version-history":[{"count":1,"href":"https:\/\/mifavorita.com.pa\/2017\/wp-json\/wp\/v2\/posts\/11380\/revisions"}],"predecessor-version":[{"id":11381,"href":"https:\/\/mifavorita.com.pa\/2017\/wp-json\/wp\/v2\/posts\/11380\/revisions\/11381"}],"wp:featuredmedia":[{"embeddable":true,"href":"https:\/\/mifavorita.com.pa\/2017\/wp-json\/wp\/v2\/media\/11376"}],"wp:attachment":[{"href":"https:\/\/mifavorita.com.pa\/2017\/wp-json\/wp\/v2\/media?parent=11380"}],"wp:term":[{"taxonomy":"category","embeddable":true,"href":"https:\/\/mifavorita.com.pa\/2017\/wp-json\/wp\/v2\/categories?post=11380"},{"taxonomy":"post_tag","embeddable":true,"href":"https:\/\/mifavorita.com.pa\/2017\/wp-json\/wp\/v2\/tags?post=11380"}],"curies":[{"name":"wp","href":"https:\/\/api.w.org\/{rel}","templated":true}]}}