{"id":11544,"date":"2024-05-23T02:57:43","date_gmt":"2024-05-23T02:57:43","guid":{"rendered":"https:\/\/mifavorita.com.pa\/2017\/?p=11544"},"modified":"2024-05-23T02:57:47","modified_gmt":"2024-05-23T02:57:47","slug":"vuelco-en-cienega-vieja-de-anton-dejo-un-muerto-y-dos-heridos-la-velocidad-pudo-ser-la-causa","status":"publish","type":"post","link":"https:\/\/mifavorita.com.pa\/2017\/vuelco-en-cienega-vieja-de-anton-dejo-un-muerto-y-dos-heridos-la-velocidad-pudo-ser-la-causa\/","title":{"rendered":"VUELCO EN CIENEGA VIEJA DE ANT\u00d3N DEJ\u00d3 UN MUERTO Y DOS HERIDOS: LA VELOCIDAD PUDO SER LA CAUSA"},"content":{"rendered":"\n<p>DAMGELA DE LE\u00d3N<\/p>\n\n\n\n<p>Un muerto y dos heridos fue el resultado de un accidente de tr\u00e1nsito registrado la tarde del martes 21 de mayo, en la v\u00eda interamericana muy cerca a la comunidad de Ci\u00e9nega Vieja, en una curva pr\u00f3xima al puente sobre el r\u00edo La Estancia en el distrito de Ant\u00f3n con direcci\u00f3n a Penonom\u00e9. Se desconocen las causas de este hecho, sin embargo, no se descarta que la velocidad haya sido parte importante del mismo.<\/p>\n\n\n\n<p><br>La v\u00edctima, un joven de 21 a\u00f1os, conduc\u00eda un veh\u00edculo color rojo de una empresa de suministros en la que laboraba, cuando perdi\u00f3 el control y se volte\u00f3, quedando en la cuneta central de la v\u00eda; a bordo se manten\u00edan otros dos j\u00f3venes m\u00e1s, quienes afortunadamente resultaron con heridas leves, y fueron trasladados al Hospital Aquilino Tejeira.<\/p>\n\n\n\n<figure class=\"wp-block-image size-large\"><img fetchpriority=\"high\" decoding=\"async\" width=\"1024\" height=\"768\" src=\"https:\/\/mifavorita.com.pa\/2017\/wp-content\/uploads\/2024\/05\/img-20240522-wa00986294874108890359745-1024x768.jpg\" alt=\"\" class=\"wp-image-11543\" srcset=\"https:\/\/mifavorita.com.pa\/2017\/wp-content\/uploads\/2024\/05\/img-20240522-wa00986294874108890359745-1024x768.jpg 1024w, https:\/\/mifavorita.com.pa\/2017\/wp-content\/uploads\/2024\/05\/img-20240522-wa00986294874108890359745-300x225.jpg 300w, https:\/\/mifavorita.com.pa\/2017\/wp-content\/uploads\/2024\/05\/img-20240522-wa00986294874108890359745-768x576.jpg 768w, https:\/\/mifavorita.com.pa\/2017\/wp-content\/uploads\/2024\/05\/img-20240522-wa00986294874108890359745-1536x1152.jpg 1536w, https:\/\/mifavorita.com.pa\/2017\/wp-content\/uploads\/2024\/05\/img-20240522-wa00986294874108890359745-1200x900.jpg 1200w, https:\/\/mifavorita.com.pa\/2017\/wp-content\/uploads\/2024\/05\/img-20240522-wa00986294874108890359745.jpg 1600w\" sizes=\"(max-width: 1024px) 100vw, 1024px\" \/><\/figure>\n\n\n\n<p><br>Margarita Ducreux, jefa de los Bomberos, explic\u00f3 que el equipo brind\u00f3 respuesta en el traslado de los heridos y se mantuvo en sitio para coordinar la extracci\u00f3n del veh\u00edculo.<br>Por su parte, Avelino Gamboa, director de la autoridad de tr\u00e1nsito y transporte terrestre de Cocl\u00e9, dijo que durante el d\u00eda otros de los accidentes registraron, tambi\u00e9n tuvieron a la velocidad como detonante principal.<\/p>\n\n\n\n<p><br>Este joven se convierte en la v\u00edctima n\u00famero 18 por accidentes en Cocl\u00e9, por lo que las autoridades hacen especial \u00e9nfasis en mantener la velocidad debida sobre las v\u00edas. Fiscal\u00eda y Personer\u00eda de Ant\u00f3n se mantuvo en sitio hasta cerca de las 7 de la noche en las diligencias del levantamiento del cuerpo.<\/p>\n","protected":false},"excerpt":{"rendered":"<p>DAMGELA DE LE\u00d3N Un muerto y dos heridos fue el resultado de un accidente de tr\u00e1nsito registrado la tarde del martes 21 de mayo, en la v\u00eda interamericana muy cerca a la comunidad de Ci\u00e9nega Vieja, en una curva pr\u00f3xima al puente sobre el r\u00edo La Estancia en el distrito de Ant\u00f3n con direcci\u00f3n a [&hellip;]<\/p>\n","protected":false},"author":2,"featured_media":11542,"comment_status":"open","ping_status":"open","sticky":false,"template":"","format":"standard","meta":{"footnotes":""},"categories":[1],"tags":[],"class_list":["post-11544","post","type-post","status-publish","format-standard","has-post-thumbnail","hentry","category-noticias"],"_links":{"self":[{"href":"https:\/\/mifavorita.com.pa\/2017\/wp-json\/wp\/v2\/posts\/11544","targetHints":{"allow":["GET"]}}],"collection":[{"href":"https:\/\/mifavorita.com.pa\/2017\/wp-json\/wp\/v2\/posts"}],"about":[{"href":"https:\/\/mifavorita.com.pa\/2017\/wp-json\/wp\/v2\/types\/post"}],"author":[{"embeddable":true,"href":"https:\/\/mifavorita.com.pa\/2017\/wp-json\/wp\/v2\/users\/2"}],"replies":[{"embeddable":true,"href":"https:\/\/mifavorita.com.pa\/2017\/wp-json\/wp\/v2\/comments?post=11544"}],"version-history":[{"count":1,"href":"https:\/\/mifavorita.com.pa\/2017\/wp-json\/wp\/v2\/posts\/11544\/revisions"}],"predecessor-version":[{"id":11545,"href":"https:\/\/mifavorita.com.pa\/2017\/wp-json\/wp\/v2\/posts\/11544\/revisions\/11545"}],"wp:featuredmedia":[{"embeddable":true,"href":"https:\/\/mifavorita.com.pa\/2017\/wp-json\/wp\/v2\/media\/11542"}],"wp:attachment":[{"href":"https:\/\/mifavorita.com.pa\/2017\/wp-json\/wp\/v2\/media?parent=11544"}],"wp:term":[{"taxonomy":"category","embeddable":true,"href":"https:\/\/mifavorita.com.pa\/2017\/wp-json\/wp\/v2\/categories?post=11544"},{"taxonomy":"post_tag","embeddable":true,"href":"https:\/\/mifavorita.com.pa\/2017\/wp-json\/wp\/v2\/tags?post=11544"}],"curies":[{"name":"wp","href":"https:\/\/api.w.org\/{rel}","templated":true}]}}