{"id":11773,"date":"2024-06-06T15:44:14","date_gmt":"2024-06-06T15:44:14","guid":{"rendered":"https:\/\/mifavorita.com.pa\/2017\/?p=11773"},"modified":"2025-02-04T16:07:45","modified_gmt":"2025-02-04T16:07:45","slug":"ordenan-detencion-provisional-por-homicidio-ocurrido-en-ola","status":"publish","type":"post","link":"https:\/\/mifavorita.com.pa\/2017\/ordenan-detencion-provisional-por-homicidio-ocurrido-en-ola\/","title":{"rendered":"ORDENAN DETENCI\u00d3N PROVISIONAL POR HOMICIDIO OCURRIDO EN OL\u00c1."},"content":{"rendered":"\n<p class=\"MsoNormal\">Cargos por el delito de homicidio doloso agravado le fueron imputados a un sujetos de 35 a\u00f1os de edad por su supuesta vinculaci\u00f3n al homicidio de una persona ocurrido el pasado 1 de junio en la comunidad de Nuestro Amo de Ol\u00e1.<\/p>\n\n\n\n<p class=\"MsoNormal\">Este hecho se registr\u00f3 el pasado 1 de junio en el Bar Dos Hermanos\u00a0\u00a0de la comunidad de Nuestro Amo, corregimiento de La Pava en el distrito de Ol\u00e1, cuando seg\u00fan se pudo conocer, la v\u00edctima y el imputado se bajaron de un bus ya que regresaban de una jornada laboral.<\/p>\n\n\n\n<p class=\"MsoNormal\">La victima un joven residente oriundo de Barranco Colorado de Ol\u00e1, se aproxim\u00f3 al bar a comprar algo y fue sorprendido por su compa\u00f1ero de viaje que se le asest\u00f3 varias pu\u00f1aladas y aunque fue socorrido y llevado al hospital falleci\u00f3 producto de las heridas.<\/p>\n\n\n\n<p class=\"MsoNormal\">La jueza de garant\u00edas de la provincia de Cocl\u00e9, Roslyn Gracia Ruiz, decret\u00f3 la medida cautelar personal de detenci\u00f3n provisional para\u00a0\u00a0el imputado como presunto autor del delito contra la vida y la integridad personal, en audiencia de solicitudes m\u00faltiples realizada en el Sistema Penal Acusatorio de Cocl\u00e9.<\/p>\n\n\n\n<p class=\"MsoNormal\">Tras los argumentos de las partes intervinientes, la jueza de garant\u00edas consider\u00f3 que la medida de restricci\u00f3n de la libertad era la m\u00e1s acorde y proporcional a la naturaleza del hecho pues as\u00ed lo sostuvo la Fiscal\u00eda de Homicidios y Femicidios al asegurar que exist\u00edan riesgos procesales como peligro de fuga, desatenci\u00f3n del proceso y peligro de atentar contra testigos y familiares de la v\u00edctima.<\/p>\n\n\n\n<p class=\"MsoNormal\">Durante la audiencia se legaliz\u00f3 la aprehensi\u00f3n y se dio por presentada la formulaci\u00f3n de imputaci\u00f3n de cargos sustentada por el fiscal Jorge Vega Bogantes.<\/p>\n\n\n\n<p class=\"MsoNormal\">La defensa del imputado estuvo a cargo del abogado del Instituto de la Defensa P\u00fablica, \u00c1ngel G\u00f3mez.<\/p>\n\n\n\n<p class=\"MsoNormal\">La fiscal\u00eda cuenta ahora con seis meses para culminar con esta investigaci\u00f3n.<\/p>\n","protected":false},"excerpt":{"rendered":"<p>Cargos por el delito de homicidio doloso agravado le fueron imputados a un sujetos de 35 a\u00f1os de edad por su supuesta vinculaci\u00f3n al homicidio de una persona ocurrido el pasado 1 de junio en la comunidad de Nuestro Amo de Ol\u00e1. Este hecho se registr\u00f3 el pasado 1 de junio en el Bar Dos [&hellip;]<\/p>\n","protected":false},"author":5,"featured_media":11772,"comment_status":"open","ping_status":"open","sticky":false,"template":"","format":"standard","meta":{"footnotes":""},"categories":[18,1],"tags":[],"class_list":["post-11773","post","type-post","status-publish","format-standard","has-post-thumbnail","hentry","category-policiales","category-noticias"],"_links":{"self":[{"href":"https:\/\/mifavorita.com.pa\/2017\/wp-json\/wp\/v2\/posts\/11773","targetHints":{"allow":["GET"]}}],"collection":[{"href":"https:\/\/mifavorita.com.pa\/2017\/wp-json\/wp\/v2\/posts"}],"about":[{"href":"https:\/\/mifavorita.com.pa\/2017\/wp-json\/wp\/v2\/types\/post"}],"author":[{"embeddable":true,"href":"https:\/\/mifavorita.com.pa\/2017\/wp-json\/wp\/v2\/users\/5"}],"replies":[{"embeddable":true,"href":"https:\/\/mifavorita.com.pa\/2017\/wp-json\/wp\/v2\/comments?post=11773"}],"version-history":[{"count":2,"href":"https:\/\/mifavorita.com.pa\/2017\/wp-json\/wp\/v2\/posts\/11773\/revisions"}],"predecessor-version":[{"id":15458,"href":"https:\/\/mifavorita.com.pa\/2017\/wp-json\/wp\/v2\/posts\/11773\/revisions\/15458"}],"wp:featuredmedia":[{"embeddable":true,"href":"https:\/\/mifavorita.com.pa\/2017\/wp-json\/wp\/v2\/media\/11772"}],"wp:attachment":[{"href":"https:\/\/mifavorita.com.pa\/2017\/wp-json\/wp\/v2\/media?parent=11773"}],"wp:term":[{"taxonomy":"category","embeddable":true,"href":"https:\/\/mifavorita.com.pa\/2017\/wp-json\/wp\/v2\/categories?post=11773"},{"taxonomy":"post_tag","embeddable":true,"href":"https:\/\/mifavorita.com.pa\/2017\/wp-json\/wp\/v2\/tags?post=11773"}],"curies":[{"name":"wp","href":"https:\/\/api.w.org\/{rel}","templated":true}]}}