{"id":11780,"date":"2024-06-06T19:52:04","date_gmt":"2024-06-06T19:52:04","guid":{"rendered":"https:\/\/mifavorita.com.pa\/2017\/?p=11780"},"modified":"2024-09-26T18:03:21","modified_gmt":"2024-09-26T18:03:21","slug":"aumento-de-la-sensasion-terminca-puede-causar-sintomas-de-golpes-de-calor-advierte-sinaproc","status":"publish","type":"post","link":"https:\/\/mifavorita.com.pa\/2017\/aumento-de-la-sensasion-terminca-puede-causar-sintomas-de-golpes-de-calor-advierte-sinaproc\/","title":{"rendered":"AUMENTO DE LA SENSASI\u00d3N T\u00c9RMINCA PUEDE CAUSAR S\u00cdNTOMAS DE GOLPE DE CALOR, ADVIERTE SINAPROC"},"content":{"rendered":"\n<p>DAMGELA DE LE\u00d3N&nbsp;<\/p>\n\n\n\n<p class=\"s2\">&nbsp;<\/p>\n\n\n\n<p class=\"s2\">Ante el cambio de estaci\u00f3n que se est\u00e1 viviendo en el pa\u00eds, muchas personas reportan un alza en la sensaci\u00f3n t\u00e9rmica en horas del d\u00eda y la noche, las cuales provocan en muchas personas malestares y hasta cuadros de deshidrataci\u00f3n. Cocl\u00e9 no se escapada de esto, y es que, al inicio del mes de junio, las temperaturas han alcanzado los 32 grados cent\u00edgrados.&nbsp;<\/p>\n\n\n\n<figure class=\"wp-block-image size-large\"><img fetchpriority=\"high\" decoding=\"async\" width=\"1024\" height=\"707\" src=\"https:\/\/mifavorita.com.pa\/2017\/wp-content\/uploads\/2024\/06\/img_5588-1-1024x707.jpg\" alt=\"\" class=\"wp-image-11779\" srcset=\"https:\/\/mifavorita.com.pa\/2017\/wp-content\/uploads\/2024\/06\/img_5588-1-1024x707.jpg 1024w, https:\/\/mifavorita.com.pa\/2017\/wp-content\/uploads\/2024\/06\/img_5588-1-300x207.jpg 300w, https:\/\/mifavorita.com.pa\/2017\/wp-content\/uploads\/2024\/06\/img_5588-1-768x530.jpg 768w, https:\/\/mifavorita.com.pa\/2017\/wp-content\/uploads\/2024\/06\/img_5588-1.jpg 1170w\" sizes=\"(max-width: 1024px) 100vw, 1024px\" \/><figcaption class=\"wp-element-caption\">Temperaturas alcanzadas durante el jueves 6 de junio de 2024<\/figcaption><\/figure>\n\n\n\n<p class=\"s2\">Son los infantes y adultos mayores, quienes m\u00e1s recienten estas alzas bruscas de temperatura, sobre todo al estar en espacios cerrados que no les provean la suficiente ventilaci\u00f3n. Ante esto, el Sistema Nacional de Protecci\u00f3n Civil, recuerda a la poblaci\u00f3n mantenerse hidratados permanentemente.&nbsp;<\/p>\n\n\n\n<p class=\"s2\">El subdirector nacional del SINAPROC, Manuel G\u00f3mez, tambi\u00e9n puntualiz\u00f3 otras recomendaciones v\u00e1lidas para los padres y familia y cuidadores durante d\u00edas tan calurosos,&nbsp;como cubrirse con paraguas, gorros o sombreros, utilizar protecci\u00f3n solar, y usar ropa fresca.&nbsp;<\/p>\n\n\n\n<p class=\"s2\">Y es que, a pesar de la llegada de las lluvias, la sensaci\u00f3n de calor sigue en las misas condiciones que, durante la temporada seca, sumado al vapor que emana de la tierra luego de las precipitaciones, propio de la zona tropical en que&nbsp;habitamos.<\/p>\n\n\n\n<p><\/p>\n","protected":false},"excerpt":{"rendered":"<p>DAMGELA DE LE\u00d3N&nbsp; &nbsp; Ante el cambio de estaci\u00f3n que se est\u00e1 viviendo en el pa\u00eds, muchas personas reportan un alza en la sensaci\u00f3n t\u00e9rmica en horas del d\u00eda y la noche, las cuales provocan en muchas personas malestares y hasta cuadros de deshidrataci\u00f3n. Cocl\u00e9 no se escapada de esto, y es que, al inicio [&hellip;]<\/p>\n","protected":false},"author":6,"featured_media":11778,"comment_status":"closed","ping_status":"open","sticky":false,"template":"","format":"standard","meta":{"footnotes":""},"categories":[31,1],"tags":[],"class_list":["post-11780","post","type-post","status-publish","format-standard","has-post-thumbnail","hentry","category-ciencias","category-noticias"],"_links":{"self":[{"href":"https:\/\/mifavorita.com.pa\/2017\/wp-json\/wp\/v2\/posts\/11780","targetHints":{"allow":["GET"]}}],"collection":[{"href":"https:\/\/mifavorita.com.pa\/2017\/wp-json\/wp\/v2\/posts"}],"about":[{"href":"https:\/\/mifavorita.com.pa\/2017\/wp-json\/wp\/v2\/types\/post"}],"author":[{"embeddable":true,"href":"https:\/\/mifavorita.com.pa\/2017\/wp-json\/wp\/v2\/users\/6"}],"replies":[{"embeddable":true,"href":"https:\/\/mifavorita.com.pa\/2017\/wp-json\/wp\/v2\/comments?post=11780"}],"version-history":[{"count":2,"href":"https:\/\/mifavorita.com.pa\/2017\/wp-json\/wp\/v2\/posts\/11780\/revisions"}],"predecessor-version":[{"id":11782,"href":"https:\/\/mifavorita.com.pa\/2017\/wp-json\/wp\/v2\/posts\/11780\/revisions\/11782"}],"wp:featuredmedia":[{"embeddable":true,"href":"https:\/\/mifavorita.com.pa\/2017\/wp-json\/wp\/v2\/media\/11778"}],"wp:attachment":[{"href":"https:\/\/mifavorita.com.pa\/2017\/wp-json\/wp\/v2\/media?parent=11780"}],"wp:term":[{"taxonomy":"category","embeddable":true,"href":"https:\/\/mifavorita.com.pa\/2017\/wp-json\/wp\/v2\/categories?post=11780"},{"taxonomy":"post_tag","embeddable":true,"href":"https:\/\/mifavorita.com.pa\/2017\/wp-json\/wp\/v2\/tags?post=11780"}],"curies":[{"name":"wp","href":"https:\/\/api.w.org\/{rel}","templated":true}]}}