{"id":11789,"date":"2024-06-07T18:45:00","date_gmt":"2024-06-07T18:45:00","guid":{"rendered":"https:\/\/mifavorita.com.pa\/2017\/?p=11789"},"modified":"2024-09-26T18:02:49","modified_gmt":"2024-09-26T18:02:49","slug":"programa-great-llego-a-mas-de-80-estudiantes-del-centro-educativo-guias-de-oriente","status":"publish","type":"post","link":"https:\/\/mifavorita.com.pa\/2017\/programa-great-llego-a-mas-de-80-estudiantes-del-centro-educativo-guias-de-oriente\/","title":{"rendered":"PROGRAMA GREAT LLEG\u00d3 A M\u00c1S DE 80 ESTUDIANTES DEL CENTRO EDUCATIVO GU\u00cdAS DE ORIENTE"},"content":{"rendered":"\n<p class=\"s3\">&nbsp;<\/p>\n\n\n\n<p class=\"s3\">DAMGELA DE LE\u00d3N&nbsp;<\/p>\n\n\n\n<p class=\"s3\">&nbsp;<\/p>\n\n\n\n<p class=\"s3\">Unos 84 estudiantes de diversos grados del Centro Educativo La Gu\u00edas Oriente de Ant\u00f3n, completaron su curso del programa GREAT contra las pandillas, que lleva a cabo el Departamento de Ni\u00f1ez y Adolescencia de la Polic\u00eda Nacional en la provincia de Cocl\u00e9. Este programa que instruye a ni\u00f1os y j\u00f3venes a tomar buenas decisiones en sus vidas desde hace ya muchos a\u00f1os.&nbsp;<\/p>\n\n\n\n<p class=\"s3\">Estos estudiantes recibieron orientaci\u00f3n con la ayuda de m\u00f3dulos de parte de unidades de Ni\u00f1ez y Adolescencia sobre prevenci\u00f3n de la violencia en las aulas y en las calles, peligros del uso de sustancias psicotr\u00f3picas, rechazo a las pandillas, peligros en la web, entre otros.&nbsp;<\/p>\n\n\n\n<figure class=\"wp-block-image size-large\"><img fetchpriority=\"high\" decoding=\"async\" width=\"1024\" height=\"768\" src=\"https:\/\/mifavorita.com.pa\/2017\/wp-content\/uploads\/2024\/06\/8c8e3b45-367a-45b8-b91e-430857984fd3-1-1024x768.jpg\" class=\"wp-image-11787\" srcset=\"https:\/\/mifavorita.com.pa\/2017\/wp-content\/uploads\/2024\/06\/8c8e3b45-367a-45b8-b91e-430857984fd3-1-1024x768.jpg 1024w, https:\/\/mifavorita.com.pa\/2017\/wp-content\/uploads\/2024\/06\/8c8e3b45-367a-45b8-b91e-430857984fd3-1-300x225.jpg 300w, https:\/\/mifavorita.com.pa\/2017\/wp-content\/uploads\/2024\/06\/8c8e3b45-367a-45b8-b91e-430857984fd3-1-768x576.jpg 768w, https:\/\/mifavorita.com.pa\/2017\/wp-content\/uploads\/2024\/06\/8c8e3b45-367a-45b8-b91e-430857984fd3-1-1200x900.jpg 1200w, https:\/\/mifavorita.com.pa\/2017\/wp-content\/uploads\/2024\/06\/8c8e3b45-367a-45b8-b91e-430857984fd3-1.jpg 1280w\" sizes=\"(max-width: 1024px) 100vw, 1024px\" \/><figcaption class=\"wp-element-caption\">Estudiantes de la Escuela Gu\u00edas de Oriente durante su finalizaci\u00f3n del curso GREAT<\/figcaption><\/figure>\n\n\n\n<p class=\"s3\">Zaibeth de Batista, capitana de la Polic\u00eda, exhort\u00f3 a m\u00e1s planteles de la provincia de Cocl\u00e9 a unirse a este proyectopor el bien de los estudiantes y de sus comunidades,&nbsp;a trav\u00e9s de una solicitud dirigida a la segunda zona policial de Cocl\u00e9.<\/p>\n\n\n\n<p class=\"s3\">Por su parte, la estudiante de quinto grado Isamar Gait\u00e1n, agradeci\u00f3 a la polic\u00eda la implementaci\u00f3n de este programa en su escuela, y por tener la oportunidad de compartir junto a sus compa\u00f1eros todos estos conocimientos.&nbsp;<\/p>\n\n\n\n<p class=\"s3\">La finalizaci\u00f3n de estos cursos otorga certificados mediante actos, de los que autoridades educativas y de la Polic\u00eda Nacional participan. Actualmente, varias escuelas de Cocl\u00e9, se mantienen recibiendo estos cursos, como lo es el caso de la Escuela Los Pollos en R\u00edo Hato que re\u00fane a 41 ni\u00f1os, y con el programa Uniendo Fuerzas contra la&nbsp;Delincuencia, en la&nbsp;Escuela Mercedes Bustamante de La Martillada.<\/p>\n\n\n\n<figure class=\"wp-block-image size-large\"><img decoding=\"async\" width=\"576\" height=\"1024\" src=\"https:\/\/mifavorita.com.pa\/2017\/wp-content\/uploads\/2024\/06\/3e9b3712-1eb4-4488-835e-421f451bdbb5-1-576x1024.jpg\" class=\"wp-image-11788\" srcset=\"https:\/\/mifavorita.com.pa\/2017\/wp-content\/uploads\/2024\/06\/3e9b3712-1eb4-4488-835e-421f451bdbb5-1-576x1024.jpg 576w, https:\/\/mifavorita.com.pa\/2017\/wp-content\/uploads\/2024\/06\/3e9b3712-1eb4-4488-835e-421f451bdbb5-1-169x300.jpg 169w, https:\/\/mifavorita.com.pa\/2017\/wp-content\/uploads\/2024\/06\/3e9b3712-1eb4-4488-835e-421f451bdbb5-1.jpg 720w\" sizes=\"(max-width: 576px) 100vw, 576px\" \/><figcaption class=\"wp-element-caption\">Estudiante recibe su certificado de participaci\u00f3n del programa anti pandillas <\/figcaption><\/figure>\n","protected":false},"excerpt":{"rendered":"<p>&nbsp; DAMGELA DE LE\u00d3N&nbsp; &nbsp; Unos 84 estudiantes de diversos grados del Centro Educativo La Gu\u00edas Oriente de Ant\u00f3n, completaron su curso del programa GREAT contra las pandillas, que lleva a cabo el Departamento de Ni\u00f1ez y Adolescencia de la Polic\u00eda Nacional en la provincia de Cocl\u00e9. Este programa que instruye a ni\u00f1os y j\u00f3venes [&hellip;]<\/p>\n","protected":false},"author":6,"featured_media":11786,"comment_status":"closed","ping_status":"open","sticky":false,"template":"","format":"standard","meta":{"footnotes":""},"categories":[17,1],"tags":[],"class_list":["post-11789","post","type-post","status-publish","format-standard","has-post-thumbnail","hentry","category-comunitaria","category-noticias"],"_links":{"self":[{"href":"https:\/\/mifavorita.com.pa\/2017\/wp-json\/wp\/v2\/posts\/11789","targetHints":{"allow":["GET"]}}],"collection":[{"href":"https:\/\/mifavorita.com.pa\/2017\/wp-json\/wp\/v2\/posts"}],"about":[{"href":"https:\/\/mifavorita.com.pa\/2017\/wp-json\/wp\/v2\/types\/post"}],"author":[{"embeddable":true,"href":"https:\/\/mifavorita.com.pa\/2017\/wp-json\/wp\/v2\/users\/6"}],"replies":[{"embeddable":true,"href":"https:\/\/mifavorita.com.pa\/2017\/wp-json\/wp\/v2\/comments?post=11789"}],"version-history":[{"count":1,"href":"https:\/\/mifavorita.com.pa\/2017\/wp-json\/wp\/v2\/posts\/11789\/revisions"}],"predecessor-version":[{"id":11790,"href":"https:\/\/mifavorita.com.pa\/2017\/wp-json\/wp\/v2\/posts\/11789\/revisions\/11790"}],"wp:featuredmedia":[{"embeddable":true,"href":"https:\/\/mifavorita.com.pa\/2017\/wp-json\/wp\/v2\/media\/11786"}],"wp:attachment":[{"href":"https:\/\/mifavorita.com.pa\/2017\/wp-json\/wp\/v2\/media?parent=11789"}],"wp:term":[{"taxonomy":"category","embeddable":true,"href":"https:\/\/mifavorita.com.pa\/2017\/wp-json\/wp\/v2\/categories?post=11789"},{"taxonomy":"post_tag","embeddable":true,"href":"https:\/\/mifavorita.com.pa\/2017\/wp-json\/wp\/v2\/tags?post=11789"}],"curies":[{"name":"wp","href":"https:\/\/api.w.org\/{rel}","templated":true}]}}