{"id":11864,"date":"2024-06-13T20:02:40","date_gmt":"2024-06-13T20:02:40","guid":{"rendered":"https:\/\/mifavorita.com.pa\/2017\/?p=11864"},"modified":"2024-06-13T20:02:40","modified_gmt":"2024-06-13T20:02:40","slug":"lluvias-constantes-preocupan-a-comunidades-de-cocle-ante-el-mal-estado-de-sus-vias-de-acceso","status":"publish","type":"post","link":"https:\/\/mifavorita.com.pa\/2017\/lluvias-constantes-preocupan-a-comunidades-de-cocle-ante-el-mal-estado-de-sus-vias-de-acceso\/","title":{"rendered":"LLUVIAS CONSTANTES PREOCUPAN A COMUNIDADES DE COCL\u00c9 ANTE EL MAL ESTADO DE SUS V\u00cdAS DE ACCESO"},"content":{"rendered":"\n<p class=\"s3\">DAMGELA DE LE\u00d3N<\/p>\n\n\n\n<p class=\"s3\">&nbsp;<\/p>\n\n\n\n<p class=\"s3\">Debido al aumento en las lluvias en estos primeros d\u00edas del mes de junio, son varias las comunidades de la provincia de Cocl\u00e9 que han reportado el mal estado que tienen sus v\u00edas de acceso, que se han desmejorado con la humedad que ha absorbido la tierra. Ejemplo de ello, es la comunidad de Barretas en El Palmar de Ol\u00e1, y Palmar Arriba en Llano Grande de La Pintada.&nbsp;<\/p>\n\n\n\n<p class=\"s3\">La principal preocupaci\u00f3n de los residentes es la posibilidad de entrar y salir, ya que el transporte p\u00fablico muchas veces se niega a ingresar y solo llega hasta cierto punto, teniendo que caminar largas distancias con lodo, exponi\u00e9ndose a ca\u00eddas o golpes producto del terreno que se vuelve resbaloso.<\/p>\n\n\n\n<p class=\"s3\">Un residente de Barretas,&nbsp;dijo que&nbsp;considera que es indispensable que no s\u00f3lo se corten los caminos, sino que se le pueda colocar materiales&nbsp;como tosca o piedras&nbsp;que eviten la formaci\u00f3n de lodo, mientras se gestionan caminos dignos.<\/p>\n\n\n\n<figure class=\"wp-block-image size-large\"><img fetchpriority=\"high\" decoding=\"async\" width=\"768\" height=\"1024\" src=\"https:\/\/mifavorita.com.pa\/2017\/wp-content\/uploads\/2024\/06\/64ba3db3-f032-41b8-86dc-c747f0f64f93-1-768x1024.jpg\" class=\"wp-image-11863\" srcset=\"https:\/\/mifavorita.com.pa\/2017\/wp-content\/uploads\/2024\/06\/64ba3db3-f032-41b8-86dc-c747f0f64f93-1-768x1024.jpg 768w, https:\/\/mifavorita.com.pa\/2017\/wp-content\/uploads\/2024\/06\/64ba3db3-f032-41b8-86dc-c747f0f64f93-1-225x300.jpg 225w, https:\/\/mifavorita.com.pa\/2017\/wp-content\/uploads\/2024\/06\/64ba3db3-f032-41b8-86dc-c747f0f64f93-1.jpg 960w\" sizes=\"(max-width: 768px) 100vw, 768px\" \/><figcaption class=\"wp-element-caption\">Estado de la carretera en Barreras (Helechal) de Ol\u00e1 <\/figcaption><\/figure>\n\n\n\n<p class=\"s3\">Por otro lado,&nbsp;un residente del sector de Palmar Arriba, expres\u00f3 su inconformidad con las promesas que autoridades les han hecho para mejorar las condiciones de la carretera, ya que gesti\u00f3n tras gesti\u00f3n se les promete y todo sigue igual, poniendo en peligro a los residentes que diario pasan por ah\u00ed, y aquellos que por enfermedad requieren de traslados.&nbsp;<\/p>\n\n\n\n<p class=\"s3\">Con la entrada del nuevo gobierno, el mejoramiento de v\u00edas de acceso y principales carreteras ser\u00e1 parte de sus principales retos, al intentar fortalecer el trabajo y fondos del Ministerio de Obras P\u00fablicas, instituci\u00f3n encargada de esta misi\u00f3n.<\/p>\n\n\n\n<p class=\"s3\">&nbsp;<\/p>\n","protected":false},"excerpt":{"rendered":"<p>DAMGELA DE LE\u00d3N &nbsp; Debido al aumento en las lluvias en estos primeros d\u00edas del mes de junio, son varias las comunidades de la provincia de Cocl\u00e9 que han reportado el mal estado que tienen sus v\u00edas de acceso, que se han desmejorado con la humedad que ha absorbido la tierra. Ejemplo de ello, es [&hellip;]<\/p>\n","protected":false},"author":2,"featured_media":11862,"comment_status":"closed","ping_status":"open","sticky":false,"template":"","format":"standard","meta":{"footnotes":""},"categories":[1],"tags":[],"class_list":["post-11864","post","type-post","status-publish","format-standard","has-post-thumbnail","hentry","category-noticias"],"_links":{"self":[{"href":"https:\/\/mifavorita.com.pa\/2017\/wp-json\/wp\/v2\/posts\/11864","targetHints":{"allow":["GET"]}}],"collection":[{"href":"https:\/\/mifavorita.com.pa\/2017\/wp-json\/wp\/v2\/posts"}],"about":[{"href":"https:\/\/mifavorita.com.pa\/2017\/wp-json\/wp\/v2\/types\/post"}],"author":[{"embeddable":true,"href":"https:\/\/mifavorita.com.pa\/2017\/wp-json\/wp\/v2\/users\/2"}],"replies":[{"embeddable":true,"href":"https:\/\/mifavorita.com.pa\/2017\/wp-json\/wp\/v2\/comments?post=11864"}],"version-history":[{"count":1,"href":"https:\/\/mifavorita.com.pa\/2017\/wp-json\/wp\/v2\/posts\/11864\/revisions"}],"predecessor-version":[{"id":11865,"href":"https:\/\/mifavorita.com.pa\/2017\/wp-json\/wp\/v2\/posts\/11864\/revisions\/11865"}],"wp:featuredmedia":[{"embeddable":true,"href":"https:\/\/mifavorita.com.pa\/2017\/wp-json\/wp\/v2\/media\/11862"}],"wp:attachment":[{"href":"https:\/\/mifavorita.com.pa\/2017\/wp-json\/wp\/v2\/media?parent=11864"}],"wp:term":[{"taxonomy":"category","embeddable":true,"href":"https:\/\/mifavorita.com.pa\/2017\/wp-json\/wp\/v2\/categories?post=11864"},{"taxonomy":"post_tag","embeddable":true,"href":"https:\/\/mifavorita.com.pa\/2017\/wp-json\/wp\/v2\/tags?post=11864"}],"curies":[{"name":"wp","href":"https:\/\/api.w.org\/{rel}","templated":true}]}}