{"id":12244,"date":"2024-07-19T19:59:03","date_gmt":"2024-07-19T19:59:03","guid":{"rendered":"https:\/\/mifavorita.com.pa\/2017\/?p=12244"},"modified":"2024-07-19T20:01:16","modified_gmt":"2024-07-19T20:01:16","slug":"residentes-de-jaguito-demandan-solucion-a-diversos-problemas-comunitarios","status":"publish","type":"post","link":"https:\/\/mifavorita.com.pa\/2017\/residentes-de-jaguito-demandan-solucion-a-diversos-problemas-comunitarios\/","title":{"rendered":"RESIDENTES DE JAG\u00dcITO DEMANDAN SOLUCI\u00d3N A DIVERSOS PROBLEMAS COMUNITARIOS"},"content":{"rendered":"<p>EDILSA GONZALEZ ROCA<\/p>\n<p>Auxilio! es lo que piden los residentes de la comunidad de El Jag\u00fcito de Ant\u00f3n, para solucionar una serie de dificultades que tienen enfrentando en la comunidad y a las que lamentablemente a pesar de que las han presentado a las autoridades hasta la fecha no les han dado ninguna respuesta.<\/p>\n<p>Gisela Portugal, residente de Jag\u00fcito se\u00f1al\u00f3 que uno de los principales problemas que enfrentan es el mal estado de las calles puesto que est\u00e1n p\u00e9simas condiciones tanto para los que van a pie como los que transitan en bicicleta o en autos, por lo que piden ayuda urgente al Ministerio de Obras P\u00fablicas.<\/p>\n<p><img fetchpriority=\"high\" decoding=\"async\" src=\"https:\/\/mifavorita.com.pa\/2017\/wp-content\/uploads\/2024\/07\/img-20240719-wa00204783348900901772325.jpg\" class=\"wp-image-12242 alignnone size-full\" width=\"774\" height=\"1280\" srcset=\"https:\/\/mifavorita.com.pa\/2017\/wp-content\/uploads\/2024\/07\/img-20240719-wa00204783348900901772325.jpg 774w, https:\/\/mifavorita.com.pa\/2017\/wp-content\/uploads\/2024\/07\/img-20240719-wa00204783348900901772325-181x300.jpg 181w, https:\/\/mifavorita.com.pa\/2017\/wp-content\/uploads\/2024\/07\/img-20240719-wa00204783348900901772325-619x1024.jpg 619w, https:\/\/mifavorita.com.pa\/2017\/wp-content\/uploads\/2024\/07\/img-20240719-wa00204783348900901772325-768x1270.jpg 768w\" sizes=\"(max-width: 774px) 100vw, 774px\" \/><\/p>\n<p>F\u00e9lix P\u00e9rez, brinda el servicio de transporte en la comunidad de El Jag\u00fcito asegura que lleva diez a\u00f1os de estar desbaratado sus carros, comprando piezas y tratando de que la comunidad cuente con transporte pero es una odisea hacerlo porque el camino est\u00e1 lleno de huecos y es casi imposible por lo que espera que las autoridades le presten atenci\u00f3n.<\/p>\n<p>Por su parte Jos\u00e9 Moreno, presidente de la Junta de Desarrollo Local de El Jag\u00fcito, indic\u00f3 que adicional al problema del mal estado de las calles de la cual han enviado notas, han hecho reuniones, reunido firmas y llevado al MOP y al Municipio y no hay respuesta, tales como delincuencia e inseguridad, falta de limpieza de las servidumbres y falta de luminarias.<\/p>\n<p><img decoding=\"async\" src=\"https:\/\/mifavorita.com.pa\/2017\/wp-content\/uploads\/2024\/07\/img-20240719-wa00198325506612491796361.jpg\" class=\"wp-image-12243 alignnone size-full\" width=\"766\" height=\"1280\" srcset=\"https:\/\/mifavorita.com.pa\/2017\/wp-content\/uploads\/2024\/07\/img-20240719-wa00198325506612491796361.jpg 766w, https:\/\/mifavorita.com.pa\/2017\/wp-content\/uploads\/2024\/07\/img-20240719-wa00198325506612491796361-180x300.jpg 180w, https:\/\/mifavorita.com.pa\/2017\/wp-content\/uploads\/2024\/07\/img-20240719-wa00198325506612491796361-613x1024.jpg 613w\" sizes=\"(max-width: 766px) 100vw, 766px\" \/><\/p>\n<p>Agreg\u00f3 que debido a la falta de iluminaci\u00f3n y limpieza de las servidumbres varios de los residentes han sido v\u00edctimas de los maleantes que han asaltado a los residentes a mano armada, le han hecho el llamado a la alcald\u00eda para que mande a los due\u00f1os de terrenos a limpiar sus lotes y servidumbres y no pasa nada, igual le piden al IPHE limpiar los predios de la propiedad que tienen all\u00ed.<\/p>\n<p>Los residentes solicitan a las autoridades locales de Ant\u00f3n que hagan las gestiones a trav\u00e9s del Ministerio de Obras P\u00fablicas, la empresa Naturgy, la Polic\u00eda Nacional y los jueces de paz o funcionarios de cumplimiento para que hagan una visita a la comunidad y les ayuden a solucionar estos temas que son comunitarios y se pueden resolver con voluntad.<\/p>\n","protected":false},"excerpt":{"rendered":"<p>EDILSA GONZALEZ ROCA Auxilio! es lo que piden los residentes de la comunidad de El Jag\u00fcito de Ant\u00f3n, para solucionar una serie de dificultades que tienen enfrentando en la comunidad y a las que lamentablemente a pesar de que las han presentado a las autoridades hasta la fecha no les han dado ninguna respuesta. Gisela [&hellip;]<\/p>\n","protected":false},"author":2,"featured_media":12251,"comment_status":"open","ping_status":"open","sticky":false,"template":"","format":"standard","meta":{"footnotes":""},"categories":[1],"tags":[],"class_list":["post-12244","post","type-post","status-publish","format-standard","has-post-thumbnail","hentry","category-noticias"],"_links":{"self":[{"href":"https:\/\/mifavorita.com.pa\/2017\/wp-json\/wp\/v2\/posts\/12244","targetHints":{"allow":["GET"]}}],"collection":[{"href":"https:\/\/mifavorita.com.pa\/2017\/wp-json\/wp\/v2\/posts"}],"about":[{"href":"https:\/\/mifavorita.com.pa\/2017\/wp-json\/wp\/v2\/types\/post"}],"author":[{"embeddable":true,"href":"https:\/\/mifavorita.com.pa\/2017\/wp-json\/wp\/v2\/users\/2"}],"replies":[{"embeddable":true,"href":"https:\/\/mifavorita.com.pa\/2017\/wp-json\/wp\/v2\/comments?post=12244"}],"version-history":[{"count":1,"href":"https:\/\/mifavorita.com.pa\/2017\/wp-json\/wp\/v2\/posts\/12244\/revisions"}],"predecessor-version":[{"id":12245,"href":"https:\/\/mifavorita.com.pa\/2017\/wp-json\/wp\/v2\/posts\/12244\/revisions\/12245"}],"wp:featuredmedia":[{"embeddable":true,"href":"https:\/\/mifavorita.com.pa\/2017\/wp-json\/wp\/v2\/media\/12251"}],"wp:attachment":[{"href":"https:\/\/mifavorita.com.pa\/2017\/wp-json\/wp\/v2\/media?parent=12244"}],"wp:term":[{"taxonomy":"category","embeddable":true,"href":"https:\/\/mifavorita.com.pa\/2017\/wp-json\/wp\/v2\/categories?post=12244"},{"taxonomy":"post_tag","embeddable":true,"href":"https:\/\/mifavorita.com.pa\/2017\/wp-json\/wp\/v2\/tags?post=12244"}],"curies":[{"name":"wp","href":"https:\/\/api.w.org\/{rel}","templated":true}]}}