{"id":12249,"date":"2024-07-19T20:00:50","date_gmt":"2024-07-19T20:00:50","guid":{"rendered":"https:\/\/mifavorita.com.pa\/2017\/?p=12249"},"modified":"2024-09-26T13:19:18","modified_gmt":"2024-09-26T13:19:18","slug":"estudiantes-del-salomon-ponce-protestan-cansados-de-convivir-con-pulgas","status":"publish","type":"post","link":"https:\/\/mifavorita.com.pa\/2017\/estudiantes-del-salomon-ponce-protestan-cansados-de-convivir-con-pulgas\/","title":{"rendered":"ESTUDIANTES DEL SALOM\u00d3N PONCE PROTESTAN CANSADOS DE CONVIVIR CON PULGAS"},"content":{"rendered":"<p>EDILSA GONZALEZ ROCA<\/p>\n<p>Cansados de convivir con pulgas los estudiantes del colegio Salom\u00f3n Ponce Aguilera de Ant\u00f3n protestaron este jueves en los predios del plantel para exigir a la administraci\u00f3n se tomen medidas para acabar con la proliferaci\u00f3n del pulgas que desde hace dos semanas vienen afect\u00e1ndolos.<\/p>\n<p>Seg\u00fan los estudiantes hay salones en donde la cantidad de pulgas es inaguantables, les saltan encima, se les pegan en el uniforme, los pican y temen que les d\u00e9 alguna enfermedad producto de esas picaduras por lo que exigen se tomen las medidas para exterminar la plaga.<\/p>\n<p><img fetchpriority=\"high\" decoding=\"async\" src=\"https:\/\/mifavorita.com.pa\/2017\/wp-content\/uploads\/2024\/07\/img-20240719-wa00234941729352667349630.jpg\" class=\"wp-image-12247 alignnone size-full\" width=\"1080\" height=\"620\" srcset=\"https:\/\/mifavorita.com.pa\/2017\/wp-content\/uploads\/2024\/07\/img-20240719-wa00234941729352667349630.jpg 1080w, https:\/\/mifavorita.com.pa\/2017\/wp-content\/uploads\/2024\/07\/img-20240719-wa00234941729352667349630-300x172.jpg 300w, https:\/\/mifavorita.com.pa\/2017\/wp-content\/uploads\/2024\/07\/img-20240719-wa00234941729352667349630-1024x588.jpg 1024w, https:\/\/mifavorita.com.pa\/2017\/wp-content\/uploads\/2024\/07\/img-20240719-wa00234941729352667349630-768x441.jpg 768w\" sizes=\"(max-width: 1080px) 100vw, 1080px\" \/><\/p>\n<p>Madre de familia de la comunidad educativa del colegio Salom\u00f3n Ponce manifest\u00f3 que les preocupa que no se tomen medidas para eliminar la plaga que ha afectado a los estudiantes, algunos los han picado y generado molestias por semanas y lo peor es que hay una gran cantidad de perros que permanecen alrededor e incluso se meten a la escuela sin ning\u00fan control.<\/p>\n<p>Yorlenis Mu\u00f1oz, estudiantes de este colegio indic\u00f3 que hace una semana fumigaron el plantel pero con los estudiantes presentes y eso les ha afectado, incluso tienen compa\u00f1eros que son asm\u00e1ticos y no saben qu\u00e9 tipo de qu\u00edmicos han echado y si exponen sus queja sienten que no les toman importancia por lo que decidieron hacer una protesta.<\/p>\n<p><img decoding=\"async\" src=\"https:\/\/mifavorita.com.pa\/2017\/wp-content\/uploads\/2024\/07\/img-20240719-wa00221745561963385632035.jpg\" class=\"wp-image-12248 alignnone size-full\" width=\"1080\" height=\"581\" srcset=\"https:\/\/mifavorita.com.pa\/2017\/wp-content\/uploads\/2024\/07\/img-20240719-wa00221745561963385632035.jpg 1080w, https:\/\/mifavorita.com.pa\/2017\/wp-content\/uploads\/2024\/07\/img-20240719-wa00221745561963385632035-300x161.jpg 300w, https:\/\/mifavorita.com.pa\/2017\/wp-content\/uploads\/2024\/07\/img-20240719-wa00221745561963385632035-1024x551.jpg 1024w, https:\/\/mifavorita.com.pa\/2017\/wp-content\/uploads\/2024\/07\/img-20240719-wa00221745561963385632035-768x413.jpg 768w\" sizes=\"(max-width: 1080px) 100vw, 1080px\" \/><\/p>\n<p>Ante la queja de estudiantes y padres de familia, la jefa de Salud Publica Obdulia Araica y el coordinador del Departamento de Vectores Emilio Salazar del Minsa acudieron al sitio y luego de reunirse con la directora acordaron realizar una fumigaci\u00f3n en el plantel.<\/p>\n<p>Araica, se\u00f1al\u00f3 que aunque todav\u00eda se observan pulgas en el plantel son menos que la primera vez, pero para eliminarlas en su totalidad la escuela debe establecer un proceso de fumigaci\u00f3n con una empresa de control, de plagas y evitar la entrada de perros a la escuela que es lo que se les ha recomendado.<\/p>\n<p>Erica Arias, directora del plantel manifest\u00f3 que entre las medidas que se van a aplicar eliminar la proliferaci\u00f3n de pulgas est\u00e1n la suspensi\u00f3n de clases el d\u00eda viernes 19 de julio para proceder a una fumigaci\u00f3n con el apoyo del Minsa, adem\u00e1s se han colocado mayas en las puertas del plantel para evitar la entrada de perros, y se contratar\u00e1 una empresa de control de plagas para darle seguimiento a este tema.<\/p>\n","protected":false},"excerpt":{"rendered":"<p>EDILSA GONZALEZ ROCA Cansados de convivir con pulgas los estudiantes del colegio Salom\u00f3n Ponce Aguilera de Ant\u00f3n protestaron este jueves en los predios del plantel para exigir a la administraci\u00f3n se tomen medidas para acabar con la proliferaci\u00f3n del pulgas que desde hace dos semanas vienen afect\u00e1ndolos. Seg\u00fan los estudiantes hay salones en donde la [&hellip;]<\/p>\n","protected":false},"author":2,"featured_media":12246,"comment_status":"open","ping_status":"open","sticky":false,"template":"","format":"standard","meta":{"footnotes":""},"categories":[1,16],"tags":[],"class_list":["post-12249","post","type-post","status-publish","format-standard","has-post-thumbnail","hentry","category-noticias","category-salud"],"_links":{"self":[{"href":"https:\/\/mifavorita.com.pa\/2017\/wp-json\/wp\/v2\/posts\/12249","targetHints":{"allow":["GET"]}}],"collection":[{"href":"https:\/\/mifavorita.com.pa\/2017\/wp-json\/wp\/v2\/posts"}],"about":[{"href":"https:\/\/mifavorita.com.pa\/2017\/wp-json\/wp\/v2\/types\/post"}],"author":[{"embeddable":true,"href":"https:\/\/mifavorita.com.pa\/2017\/wp-json\/wp\/v2\/users\/2"}],"replies":[{"embeddable":true,"href":"https:\/\/mifavorita.com.pa\/2017\/wp-json\/wp\/v2\/comments?post=12249"}],"version-history":[{"count":1,"href":"https:\/\/mifavorita.com.pa\/2017\/wp-json\/wp\/v2\/posts\/12249\/revisions"}],"predecessor-version":[{"id":12250,"href":"https:\/\/mifavorita.com.pa\/2017\/wp-json\/wp\/v2\/posts\/12249\/revisions\/12250"}],"wp:featuredmedia":[{"embeddable":true,"href":"https:\/\/mifavorita.com.pa\/2017\/wp-json\/wp\/v2\/media\/12246"}],"wp:attachment":[{"href":"https:\/\/mifavorita.com.pa\/2017\/wp-json\/wp\/v2\/media?parent=12249"}],"wp:term":[{"taxonomy":"category","embeddable":true,"href":"https:\/\/mifavorita.com.pa\/2017\/wp-json\/wp\/v2\/categories?post=12249"},{"taxonomy":"post_tag","embeddable":true,"href":"https:\/\/mifavorita.com.pa\/2017\/wp-json\/wp\/v2\/tags?post=12249"}],"curies":[{"name":"wp","href":"https:\/\/api.w.org\/{rel}","templated":true}]}}