{"id":12265,"date":"2024-07-20T22:27:40","date_gmt":"2024-07-20T22:27:40","guid":{"rendered":"https:\/\/mifavorita.com.pa\/2017\/?p=12265"},"modified":"2024-07-20T22:27:40","modified_gmt":"2024-07-20T22:27:40","slug":"neurodina-celebra-un-ano-brindando-atencion-especializada-a-ninos-en-penonome","status":"publish","type":"post","link":"https:\/\/mifavorita.com.pa\/2017\/neurodina-celebra-un-ano-brindando-atencion-especializada-a-ninos-en-penonome\/","title":{"rendered":"NEURODINA CELEBRA UN A\u00d1O BRINDANDO ATENCI\u00d3N ESPECIALIZADA A NI\u00d1OS EN PENONOM\u00c9"},"content":{"rendered":"<p>DAR\u00cdO FERN\u00c1NDEZ A. &#8211;<\/p>\n<p>La fundaci\u00f3n NEURODINA, bajo la direcci\u00f3n de la neuropediatra Dra. Noris Moreno de Flagge, celebra este 20 de julio un a\u00f1o de \u00e9xito en su misi\u00f3n de ofrecer atenci\u00f3n especializada a ni\u00f1os con diversas necesidades de neurodesarrollo en Penonom\u00e9.<\/p>\n<p>Desde su apertura, ha experimentado una alta demanda, logrando evaluar y programar citas para aproximadamente cien ni\u00f1os. De estos, setenta est\u00e1n actualmente recibiendo terapias continuas que abarcan desde lenguaje y ocupacional hasta psicol\u00f3gica y conductual.<\/p>\n<p>La Dra. Moreno de Flagge subray\u00f3 que en NEURODINA se atienden a ni\u00f1os con una variedad de desaf\u00edos, incluyendo autismo, problemas de rabietas, falta de control del impulso y dificultades de organizaci\u00f3n. Adem\u00e1s, se abordan casos de trastorno de atenci\u00f3n con hiperactividad, ense\u00f1ando a los ni\u00f1os a manejar sus impulsos para lograr un mayor autocontrol y tranquilidad.<\/p>\n<p>Una de las terapias m\u00e1s destacadas que ofrece la fundaci\u00f3n es la terapia ABA (An\u00e1lisis de Conducta Aplicado), ampliamente utilizada para la modificaci\u00f3n de conducta en ni\u00f1os con autismo y otros trastornos.<\/p>\n<p>Dijo que para acceder a los servicios de NEURODINA, no se requiere referencia de un especialista. Los pacientes son registrados por la secretaria y posteriormente evaluados por la neuropediatra, quien determina el diagn\u00f3stico y refiere a las terapias o ex\u00e1menes necesarios.<\/p>\n<p><img fetchpriority=\"high\" decoding=\"async\" src=\"https:\/\/mifavorita.com.pa\/2017\/wp-content\/uploads\/2024\/07\/20240720_0938579109006453114018863.jpg\" class=\"wp-image-12264 alignnone size-full\" width=\"2000\" height=\"1500\" srcset=\"https:\/\/mifavorita.com.pa\/2017\/wp-content\/uploads\/2024\/07\/20240720_0938579109006453114018863.jpg 2000w, https:\/\/mifavorita.com.pa\/2017\/wp-content\/uploads\/2024\/07\/20240720_0938579109006453114018863-300x225.jpg 300w, https:\/\/mifavorita.com.pa\/2017\/wp-content\/uploads\/2024\/07\/20240720_0938579109006453114018863-1024x768.jpg 1024w, https:\/\/mifavorita.com.pa\/2017\/wp-content\/uploads\/2024\/07\/20240720_0938579109006453114018863-768x576.jpg 768w, https:\/\/mifavorita.com.pa\/2017\/wp-content\/uploads\/2024\/07\/20240720_0938579109006453114018863-1536x1152.jpg 1536w, https:\/\/mifavorita.com.pa\/2017\/wp-content\/uploads\/2024\/07\/20240720_0938579109006453114018863-1200x900.jpg 1200w, https:\/\/mifavorita.com.pa\/2017\/wp-content\/uploads\/2024\/07\/20240720_0938579109006453114018863-1980x1485.jpg 1980w\" sizes=\"(max-width: 2000px) 100vw, 2000px\" \/><\/p>\n<p>Adem\u00e1s, inform\u00f3 que la fundaci\u00f3n est\u00e1 por inaugurar una cl\u00ednica de estimulaci\u00f3n temprana, con el objetivo de evaluar a los ni\u00f1os desde una edad temprana y proporcionar orientaci\u00f3n a los padres.<\/p>\n<p>El impacto positivo de NEURODINA en la comunidad se refleja en testimonios de padres como Linoris Masiel Chac\u00f3n y Virgilio Reyes.<\/p>\n<p>Chac\u00f3n destaca que su hijo de 11 a\u00f1os, diagnosticado con autismo, ha logrado avances significativos en independencia y rendimiento escolar gracias a las terapias recibidas. Por su parte, Reyes resalta la mejora en la conducta y sociabilidad de su hijo, quien ahora muestra un mejor autocontrol y se ha vuelto m\u00e1s sociable tanto en el hogar como en la escuela.<\/p>\n<p>Con motivo de su aniversario, se realiz\u00f3 un desfile desde el parque 8 de diciembre hasta la fundaci\u00f3n, ubicada en el barrio San Antonio, lateral a la capilla.<\/p>\n","protected":false},"excerpt":{"rendered":"<p>DAR\u00cdO FERN\u00c1NDEZ A. &#8211; La fundaci\u00f3n NEURODINA, bajo la direcci\u00f3n de la neuropediatra Dra. Noris Moreno de Flagge, celebra este 20 de julio un a\u00f1o de \u00e9xito en su misi\u00f3n de ofrecer atenci\u00f3n especializada a ni\u00f1os con diversas necesidades de neurodesarrollo en Penonom\u00e9. Desde su apertura, ha experimentado una alta demanda, logrando evaluar y programar [&hellip;]<\/p>\n","protected":false},"author":2,"featured_media":12263,"comment_status":"open","ping_status":"open","sticky":false,"template":"","format":"standard","meta":{"footnotes":""},"categories":[1],"tags":[],"class_list":["post-12265","post","type-post","status-publish","format-standard","has-post-thumbnail","hentry","category-noticias"],"_links":{"self":[{"href":"https:\/\/mifavorita.com.pa\/2017\/wp-json\/wp\/v2\/posts\/12265","targetHints":{"allow":["GET"]}}],"collection":[{"href":"https:\/\/mifavorita.com.pa\/2017\/wp-json\/wp\/v2\/posts"}],"about":[{"href":"https:\/\/mifavorita.com.pa\/2017\/wp-json\/wp\/v2\/types\/post"}],"author":[{"embeddable":true,"href":"https:\/\/mifavorita.com.pa\/2017\/wp-json\/wp\/v2\/users\/2"}],"replies":[{"embeddable":true,"href":"https:\/\/mifavorita.com.pa\/2017\/wp-json\/wp\/v2\/comments?post=12265"}],"version-history":[{"count":1,"href":"https:\/\/mifavorita.com.pa\/2017\/wp-json\/wp\/v2\/posts\/12265\/revisions"}],"predecessor-version":[{"id":12266,"href":"https:\/\/mifavorita.com.pa\/2017\/wp-json\/wp\/v2\/posts\/12265\/revisions\/12266"}],"wp:featuredmedia":[{"embeddable":true,"href":"https:\/\/mifavorita.com.pa\/2017\/wp-json\/wp\/v2\/media\/12263"}],"wp:attachment":[{"href":"https:\/\/mifavorita.com.pa\/2017\/wp-json\/wp\/v2\/media?parent=12265"}],"wp:term":[{"taxonomy":"category","embeddable":true,"href":"https:\/\/mifavorita.com.pa\/2017\/wp-json\/wp\/v2\/categories?post=12265"},{"taxonomy":"post_tag","embeddable":true,"href":"https:\/\/mifavorita.com.pa\/2017\/wp-json\/wp\/v2\/tags?post=12265"}],"curies":[{"name":"wp","href":"https:\/\/api.w.org\/{rel}","templated":true}]}}