{"id":12286,"date":"2024-07-24T05:09:59","date_gmt":"2024-07-24T05:09:59","guid":{"rendered":"https:\/\/mifavorita.com.pa\/2017\/?p=12286"},"modified":"2024-07-24T05:09:59","modified_gmt":"2024-07-24T05:09:59","slug":"corregimiento-de-victoriano-lorenzo-cuenta-con-logotipo-que-lo-identifica","status":"publish","type":"post","link":"https:\/\/mifavorita.com.pa\/2017\/corregimiento-de-victoriano-lorenzo-cuenta-con-logotipo-que-lo-identifica\/","title":{"rendered":"CORREGIMIENTO DE VICTORIANO LORENZO CUENTA CON LOGOTIPO QUE LO IDENTIFICA"},"content":{"rendered":"<p>EDILSA GONZALEZ ROCA<\/p>\n<p>Luego de someter a concurso, el logotipo que los identificar\u00eda a futuro para todas sus actividades civiles y legales, el nuevo corregimiento de Victoriano Lorenzo ya cuenta con un logo, la escogencia del mejor trabajo estuvo a cargo de un jurado experto que dio como ganador al formato presentado por Alex Gilberto Soto de Los Llanitos.<\/p>\n<p>Seg\u00fan cont\u00f3 Rafael Candelaria, del equipo coordinador del concurso por parte de la Junta Comunal de Victoriano Lorenzo respondieron al llamado para el dise\u00f1ador del logo un total de 22 participantes de todo el corregimiento y el acto de escogencia estuvo a cargo de un jurado integrado por el arquitecto Hern\u00e1n C\u00e1rdenas, el Profesor Jos\u00e9 Arrollo y el Profesor Alexis M\u00e1rquez.<\/p>\n<p><img fetchpriority=\"high\" decoding=\"async\" src=\"https:\/\/mifavorita.com.pa\/2017\/wp-content\/uploads\/2024\/07\/img-20240723-wa01165985362689374268932.jpg\" class=\"alignnone size-full wp-image-12283\" width=\"1280\" height=\"960\" srcset=\"https:\/\/mifavorita.com.pa\/2017\/wp-content\/uploads\/2024\/07\/img-20240723-wa01165985362689374268932.jpg 1280w, https:\/\/mifavorita.com.pa\/2017\/wp-content\/uploads\/2024\/07\/img-20240723-wa01165985362689374268932-300x225.jpg 300w, https:\/\/mifavorita.com.pa\/2017\/wp-content\/uploads\/2024\/07\/img-20240723-wa01165985362689374268932-1024x768.jpg 1024w, https:\/\/mifavorita.com.pa\/2017\/wp-content\/uploads\/2024\/07\/img-20240723-wa01165985362689374268932-768x576.jpg 768w, https:\/\/mifavorita.com.pa\/2017\/wp-content\/uploads\/2024\/07\/img-20240723-wa01165985362689374268932-1200x900.jpg 1200w\" sizes=\"(max-width: 1280px) 100vw, 1280px\" \/><\/p>\n<p>Se trat\u00f3 de una decisi\u00f3n bastante complicada para los jurados pues los 22 trabajos presentados eran de muy buena calidad y adem\u00e1s cumpl\u00edan con los preceptos de representar las costumbres, tradiciones y aspectos naturales y geogr\u00e1ficos del distrito, por lo que en primera instancia se escogieron 5 finalistas y finalmente al ganador.<\/p>\n<p>Indic\u00f3 que en fecha pr\u00f3ximas la Junta Comunal de Victoriano Lorenzo estar\u00e1 aprobando una Resoluci\u00f3n por medio de la cual se adopta este nuevo logo como representativo de todas sus actividades ser\u00e1 el que los represente en estandartes, notas y dem\u00e1s actividades del corregimiento.<\/p>\n<p><img decoding=\"async\" src=\"https:\/\/mifavorita.com.pa\/2017\/wp-content\/uploads\/2024\/07\/img-20240723-wa01135561398566019280279.jpg\" class=\"alignnone size-full wp-image-12284\" width=\"1600\" height=\"1200\" srcset=\"https:\/\/mifavorita.com.pa\/2017\/wp-content\/uploads\/2024\/07\/img-20240723-wa01135561398566019280279.jpg 1600w, https:\/\/mifavorita.com.pa\/2017\/wp-content\/uploads\/2024\/07\/img-20240723-wa01135561398566019280279-300x225.jpg 300w, https:\/\/mifavorita.com.pa\/2017\/wp-content\/uploads\/2024\/07\/img-20240723-wa01135561398566019280279-1024x768.jpg 1024w, https:\/\/mifavorita.com.pa\/2017\/wp-content\/uploads\/2024\/07\/img-20240723-wa01135561398566019280279-768x576.jpg 768w, https:\/\/mifavorita.com.pa\/2017\/wp-content\/uploads\/2024\/07\/img-20240723-wa01135561398566019280279-1536x1152.jpg 1536w, https:\/\/mifavorita.com.pa\/2017\/wp-content\/uploads\/2024\/07\/img-20240723-wa01135561398566019280279-1200x900.jpg 1200w\" sizes=\"(max-width: 1600px) 100vw, 1600px\" \/><\/p>\n<p>El logo ganador es un escudo sobre el cual est\u00e1 un list\u00f3n con las letras junta comunal, segundo de un list\u00f3n m\u00e1s peque\u00f1o en que est\u00e1 el a\u00f1o de la creaci\u00f3n del corregimiento, 14 estrellas que representan las comunidades que conforman el corregimiento, la luz del sol que ilumina a los habitantes con luz y vida, el cerro vig\u00eda y el rio Zarat\u00ed que rodea a todo el corregimiento , Victoriano Lorenzo con su heroica frase \u201cLa Pelea es Peleando\u201d y abajo sobre fondos rojo y gris como la bandera coclesana a un lado los instrumentos de cumbia y tamborito y las naranjas cultivo tradicional que da nombre a su feria.<\/p>\n<p><img decoding=\"async\" src=\"https:\/\/mifavorita.com.pa\/2017\/wp-content\/uploads\/2024\/07\/img-20240723-wa0114442223309630024556.jpg\" class=\"wp-image-12285 alignnone size-full\" width=\"1200\" height=\"1600\" srcset=\"https:\/\/mifavorita.com.pa\/2017\/wp-content\/uploads\/2024\/07\/img-20240723-wa0114442223309630024556.jpg 1200w, https:\/\/mifavorita.com.pa\/2017\/wp-content\/uploads\/2024\/07\/img-20240723-wa0114442223309630024556-225x300.jpg 225w, https:\/\/mifavorita.com.pa\/2017\/wp-content\/uploads\/2024\/07\/img-20240723-wa0114442223309630024556-768x1024.jpg 768w, https:\/\/mifavorita.com.pa\/2017\/wp-content\/uploads\/2024\/07\/img-20240723-wa0114442223309630024556-1152x1536.jpg 1152w\" sizes=\"(max-width: 1200px) 100vw, 1200px\" \/><\/p>\n<p>En el acto estuvieron presentan autoridades, distritales y nacionales, adem\u00e1s de representantes de cada una de las comunidades del corregimiento, adem\u00e1s del representante del corregimiento y su suplente, adem\u00e1s de invitados especiales.<\/p>\n","protected":false},"excerpt":{"rendered":"<p>EDILSA GONZALEZ ROCA Luego de someter a concurso, el logotipo que los identificar\u00eda a futuro para todas sus actividades civiles y legales, el nuevo corregimiento de Victoriano Lorenzo ya cuenta con un logo, la escogencia del mejor trabajo estuvo a cargo de un jurado experto que dio como ganador al formato presentado por Alex Gilberto [&hellip;]<\/p>\n","protected":false},"author":2,"featured_media":12282,"comment_status":"open","ping_status":"open","sticky":false,"template":"","format":"standard","meta":{"footnotes":""},"categories":[1],"tags":[],"class_list":["post-12286","post","type-post","status-publish","format-standard","has-post-thumbnail","hentry","category-noticias"],"_links":{"self":[{"href":"https:\/\/mifavorita.com.pa\/2017\/wp-json\/wp\/v2\/posts\/12286","targetHints":{"allow":["GET"]}}],"collection":[{"href":"https:\/\/mifavorita.com.pa\/2017\/wp-json\/wp\/v2\/posts"}],"about":[{"href":"https:\/\/mifavorita.com.pa\/2017\/wp-json\/wp\/v2\/types\/post"}],"author":[{"embeddable":true,"href":"https:\/\/mifavorita.com.pa\/2017\/wp-json\/wp\/v2\/users\/2"}],"replies":[{"embeddable":true,"href":"https:\/\/mifavorita.com.pa\/2017\/wp-json\/wp\/v2\/comments?post=12286"}],"version-history":[{"count":1,"href":"https:\/\/mifavorita.com.pa\/2017\/wp-json\/wp\/v2\/posts\/12286\/revisions"}],"predecessor-version":[{"id":12287,"href":"https:\/\/mifavorita.com.pa\/2017\/wp-json\/wp\/v2\/posts\/12286\/revisions\/12287"}],"wp:featuredmedia":[{"embeddable":true,"href":"https:\/\/mifavorita.com.pa\/2017\/wp-json\/wp\/v2\/media\/12282"}],"wp:attachment":[{"href":"https:\/\/mifavorita.com.pa\/2017\/wp-json\/wp\/v2\/media?parent=12286"}],"wp:term":[{"taxonomy":"category","embeddable":true,"href":"https:\/\/mifavorita.com.pa\/2017\/wp-json\/wp\/v2\/categories?post=12286"},{"taxonomy":"post_tag","embeddable":true,"href":"https:\/\/mifavorita.com.pa\/2017\/wp-json\/wp\/v2\/tags?post=12286"}],"curies":[{"name":"wp","href":"https:\/\/api.w.org\/{rel}","templated":true}]}}