{"id":12302,"date":"2024-08-02T21:40:51","date_gmt":"2024-08-02T21:40:51","guid":{"rendered":"https:\/\/mifavorita.com.pa\/2017\/?p=12302"},"modified":"2024-08-02T21:41:36","modified_gmt":"2024-08-02T21:41:36","slug":"en-la-pintada-buscan-regular-actividades-para-reducir-consumo-de-licor","status":"publish","type":"post","link":"https:\/\/mifavorita.com.pa\/2017\/en-la-pintada-buscan-regular-actividades-para-reducir-consumo-de-licor\/","title":{"rendered":"EN LA PINTADA BUSCAN REGULAR ACTIVIDADES PARA REDUCIR CONSUMO DE LICOR."},"content":{"rendered":"<p><span style=\"font-size:17px\" _=\"_\">DARIO FERN\u00c1NDEZ A. La venta indiscriminada de bebidas alcoh\u00f3licas en el distrito de La Pintada persiste, lo que ha llevado a las autoridades locales a tomar medidas al respecto.<\/span><br \/>\n<span style=\"font-size:17px\" _=\"_\">Es por ello que la alcaldesa Ina Rodr\u00edguez, invit\u00f3 a m\u00e1s de 90 participantes,  incluyendo promotores deportivos, empresarios y organizadores de eventos bailables a participar de una reuni\u00f3n donde destac\u00f3 la necesidad de regular la cantidad de actividades festivas que se realizan semanalmente.<\/span><br \/>\n<span style=\"font-size:17px\" _=\"_\">En ese sentido Rodr\u00edguez subray\u00f3 que el objetivo principal es velar por la seguridad de los ciudadanos del distrito y controlar la proliferaci\u00f3n de ventas de alcohol.<\/span><br \/>\n<span style=\"font-size:17px\" _=\"_\"> \u201cQueremos reducir el n\u00famero de actividades en los corregimientos y asegurarnos de que las personas que organizan estos eventos obtengan sus respectivas ganancias sin que haya una dualidad de eventos en una misma comunidad\u201d, se\u00f1al\u00f3 Rodr\u00edguez.<\/span><br \/>\n<span style=\"font-size:17px\" _=\"_\">En la reuni\u00f3n, se propuso que tanto los empresarios de cantinas como los promotores deportivos se organicen y proporcionen las fechas de sus eventos para evitar conflictos y facilitar la regulaci\u00f3n. <\/span><br \/>\n<span style=\"font-size:17px\" _=\"_\">Rodr\u00edguez tambi\u00e9n mencion\u00f3 que se emitir\u00e1 un nuevo decreto en los pr\u00f3ximos d\u00edas para regular estas actividades, con la colaboraci\u00f3n de jueces de paz y la Polic\u00eda Nacional para asegurar su cumplimiento.<\/span><br \/>\n<span style=\"font-size:17px\" _=\"_\">La situaci\u00f3n en La Pintada es reflejo de un problema m\u00e1s amplio en la provincia de Cocl\u00e9, donde la venta clandestina de bebidas alcoh\u00f3licas, incluso a menores de edad, ha resultado en ri\u00f1as, agresiones f\u00edsicas y problemas familiares. <\/span><br \/>\n<span style=\"font-size:17px\" _=\"_\">Los residentes han expresado su preocupaci\u00f3n por estos problemas, y la intervenci\u00f3n de las autoridades se considera de mucha importancia para controlar la situaci\u00f3n.<\/span><br \/>\n<span style=\"font-size:17px\" _=\"_\">Los residentes de La Pintada esperan que estas medidas ayuden a reducir los incidentes relacionados con el consumo de alcohol y mejoren la seguridad y calidad de vida de <\/span>los habitantes del distrito.<\/p>\n","protected":false},"excerpt":{"rendered":"<p>DARIO FERN\u00c1NDEZ A. La venta indiscriminada de bebidas alcoh\u00f3licas en el distrito de La Pintada persiste, lo que ha llevado a las autoridades locales a tomar medidas al respecto. Es por ello que la alcaldesa Ina Rodr\u00edguez, invit\u00f3 a m\u00e1s de 90 participantes, incluyendo promotores deportivos, empresarios y organizadores de eventos bailables a participar de [&hellip;]<\/p>\n","protected":false},"author":2,"featured_media":12301,"comment_status":"open","ping_status":"open","sticky":false,"template":"","format":"standard","meta":{"footnotes":""},"categories":[1],"tags":[],"class_list":["post-12302","post","type-post","status-publish","format-standard","has-post-thumbnail","hentry","category-noticias"],"_links":{"self":[{"href":"https:\/\/mifavorita.com.pa\/2017\/wp-json\/wp\/v2\/posts\/12302","targetHints":{"allow":["GET"]}}],"collection":[{"href":"https:\/\/mifavorita.com.pa\/2017\/wp-json\/wp\/v2\/posts"}],"about":[{"href":"https:\/\/mifavorita.com.pa\/2017\/wp-json\/wp\/v2\/types\/post"}],"author":[{"embeddable":true,"href":"https:\/\/mifavorita.com.pa\/2017\/wp-json\/wp\/v2\/users\/2"}],"replies":[{"embeddable":true,"href":"https:\/\/mifavorita.com.pa\/2017\/wp-json\/wp\/v2\/comments?post=12302"}],"version-history":[{"count":1,"href":"https:\/\/mifavorita.com.pa\/2017\/wp-json\/wp\/v2\/posts\/12302\/revisions"}],"predecessor-version":[{"id":12303,"href":"https:\/\/mifavorita.com.pa\/2017\/wp-json\/wp\/v2\/posts\/12302\/revisions\/12303"}],"wp:featuredmedia":[{"embeddable":true,"href":"https:\/\/mifavorita.com.pa\/2017\/wp-json\/wp\/v2\/media\/12301"}],"wp:attachment":[{"href":"https:\/\/mifavorita.com.pa\/2017\/wp-json\/wp\/v2\/media?parent=12302"}],"wp:term":[{"taxonomy":"category","embeddable":true,"href":"https:\/\/mifavorita.com.pa\/2017\/wp-json\/wp\/v2\/categories?post=12302"},{"taxonomy":"post_tag","embeddable":true,"href":"https:\/\/mifavorita.com.pa\/2017\/wp-json\/wp\/v2\/tags?post=12302"}],"curies":[{"name":"wp","href":"https:\/\/api.w.org\/{rel}","templated":true}]}}