{"id":12318,"date":"2024-08-03T12:45:31","date_gmt":"2024-08-03T12:45:31","guid":{"rendered":"https:\/\/mifavorita.com.pa\/2017\/?p=12318"},"modified":"2024-09-26T13:11:39","modified_gmt":"2024-09-26T13:11:39","slug":"director-del-idaam-asegura-a-diputado-que-licitaran-mas-de-40-millones-para-reparar-sistema-de-agua-potable-en-cocle","status":"publish","type":"post","link":"https:\/\/mifavorita.com.pa\/2017\/director-del-idaam-asegura-a-diputado-que-licitaran-mas-de-40-millones-para-reparar-sistema-de-agua-potable-en-cocle\/","title":{"rendered":"DIRECTOR DEL IDAAN ASEGURA A DIPUTADO QUE LICITARAN M\u00c1S DE 40 MILLONES PARA REPARAR SISTEMA DE AGUA POTABLE EN COCL\u00c9"},"content":{"rendered":"<p>EDILSA GONZALEZ ROCA<\/p>\n<p>Unos 42 millones de d\u00f3lares tiene programado licitar el Idaan en proyectos que prev\u00e9n mejorar los sistemas de suministro de agua potable para la provincia de Cocl\u00e9, as\u00ed lo dio a conocer el diputado del circuito 2-1 Julio De La Guardia, durante una entrevista en el Programa Opini\u00f3n P\u00fablica<br \/>\nSeg\u00fan De La Guardia, preocupado por la constante falta de agua en Penonom\u00e9 solicit\u00f3 reuni\u00f3n con el directo del Idaan, en la que participaron otros dos diputados del interior del pa\u00eds y el propio director del Idaan Juan Antonio Ducreux le dio la informaci\u00f3n.<\/p>\n<p>Indic\u00f3 que seg\u00fan les inform\u00f3 el jefe del Idaan, los recursos para la licitaci\u00f3n existen, solo est\u00e1n esperando que se les apruebe llevar adelante la licitaci\u00f3n para someter el pliego de cargos en el que se prev\u00e9 la compra y suministro de equipos de bombeos y piezas para las plantas potabilizadoras y tomas de agua.<\/p>\n<p>Tambi\u00e9n se contempla la puesta en funcionamiento de pozos y de tanques de almacenamiento de agua, entre ellos el tanque de agua de Cien mil galones que existe en Penonom\u00e9 y que est\u00e1 obsoleto y sin uso, el cual se prev\u00e9 se restaure y se ponga en funcionamiento para garantizar el suministro ante cualquier da\u00f1o o paro del sistema.<\/p>\n<p>Indic\u00f3 que el director fue claro en indicarles que el tema de los parones de la planta por la crecida de los r\u00edo es algo que no va a cambiar porque debido a la ubicaci\u00f3n de algunas plantas, se tiene que tomar esa medida por seguridad de los equipos.<\/p>\n<p>El diputado asegur\u00f3 que estar\u00e1n dando seguimiento a estos temas pues, requieren de una respuesta urgente para el \u00e1rea de Penonom\u00e9 pues le dijo al director que la situaci\u00f3n es cr\u00edtica y se requieren de una respuesta urgente, que espera se pueda dar en unos 10 a doce meses.<\/p>\n","protected":false},"excerpt":{"rendered":"<p>EDILSA GONZALEZ ROCA Unos 42 millones de d\u00f3lares tiene programado licitar el Idaan en proyectos que prev\u00e9n mejorar los sistemas de suministro de agua potable para la provincia de Cocl\u00e9, as\u00ed lo dio a conocer el diputado del circuito 2-1 Julio De La Guardia, durante una entrevista en el Programa Opini\u00f3n P\u00fablica Seg\u00fan De La [&hellip;]<\/p>\n","protected":false},"author":2,"featured_media":12317,"comment_status":"open","ping_status":"open","sticky":false,"template":"","format":"standard","meta":{"footnotes":""},"categories":[17,1],"tags":[],"class_list":["post-12318","post","type-post","status-publish","format-standard","has-post-thumbnail","hentry","category-comunitaria","category-noticias"],"_links":{"self":[{"href":"https:\/\/mifavorita.com.pa\/2017\/wp-json\/wp\/v2\/posts\/12318","targetHints":{"allow":["GET"]}}],"collection":[{"href":"https:\/\/mifavorita.com.pa\/2017\/wp-json\/wp\/v2\/posts"}],"about":[{"href":"https:\/\/mifavorita.com.pa\/2017\/wp-json\/wp\/v2\/types\/post"}],"author":[{"embeddable":true,"href":"https:\/\/mifavorita.com.pa\/2017\/wp-json\/wp\/v2\/users\/2"}],"replies":[{"embeddable":true,"href":"https:\/\/mifavorita.com.pa\/2017\/wp-json\/wp\/v2\/comments?post=12318"}],"version-history":[{"count":2,"href":"https:\/\/mifavorita.com.pa\/2017\/wp-json\/wp\/v2\/posts\/12318\/revisions"}],"predecessor-version":[{"id":13234,"href":"https:\/\/mifavorita.com.pa\/2017\/wp-json\/wp\/v2\/posts\/12318\/revisions\/13234"}],"wp:featuredmedia":[{"embeddable":true,"href":"https:\/\/mifavorita.com.pa\/2017\/wp-json\/wp\/v2\/media\/12317"}],"wp:attachment":[{"href":"https:\/\/mifavorita.com.pa\/2017\/wp-json\/wp\/v2\/media?parent=12318"}],"wp:term":[{"taxonomy":"category","embeddable":true,"href":"https:\/\/mifavorita.com.pa\/2017\/wp-json\/wp\/v2\/categories?post=12318"},{"taxonomy":"post_tag","embeddable":true,"href":"https:\/\/mifavorita.com.pa\/2017\/wp-json\/wp\/v2\/tags?post=12318"}],"curies":[{"name":"wp","href":"https:\/\/api.w.org\/{rel}","templated":true}]}}