{"id":12329,"date":"2024-08-10T00:42:52","date_gmt":"2024-08-10T00:42:52","guid":{"rendered":"https:\/\/mifavorita.com.pa\/2017\/?p=12329"},"modified":"2024-08-10T00:43:25","modified_gmt":"2024-08-10T00:43:25","slug":"autoridades-locales-piden-mas-acciones-para-prevencion-de-violencia-domestica","status":"publish","type":"post","link":"https:\/\/mifavorita.com.pa\/2017\/autoridades-locales-piden-mas-acciones-para-prevencion-de-violencia-domestica\/","title":{"rendered":"AUTORIDADES LOCALES PIDEN MAS ACCIONES PARA PREVENCI\u00d3N DE VIOLENCIA DOMESTICA"},"content":{"rendered":"<p>EDILSA GONZALEZ ROCA<\/p>\n<p>Autoridades locales del distrito de Penonom\u00e9 solicitaron al Ministerio de la Mujer m\u00e1s acciones para prevenir la violencia contra las mujeres y especialmente la violencia domestica que afecta a muchas de sus comunidades, as\u00ed qued\u00f3 plasmado durante la \u00faltima sesi\u00f3n del Concejo Municipal.<\/p>\n<p>Y es que seg\u00fan dio a conocer el representante del corregimiento de Pajonal Alexis Chir\u00ed este un flagelo social que afecta a muchas mujeres no solo en sus corregimiento sino en otras \u00e1reas del distrito tema que va ligado a la ingesta y venta ilegal de licor al igual que al consumo de drogas.<\/p>\n<p>Indic\u00f3 que como autoridades locales estos temas que tambi\u00e9n hay que prestarle atenci\u00f3n pues muchas veces las comunidades piden intervenci\u00f3n solo en temas de infraestructuras como carreteras, falta de puentes, de agua y otras pero hay temas sociales que urgen atender.<\/p>\n<p>Se\u00f1al\u00f3 que ante esta realidad la comparecencia de Funcionarios del Ministerio de la Mujer al Concejo Municipal es importante puesto que hay nuevos corregimientos y nuevas autoridades que requieren la informaci\u00f3n para saber c\u00f3mo coordinar las orientaciones y capacitaciones las comunidades.<\/p>\n<p>Odalys P\u00e9rez, trabajadora social del Ministerio de la Mujer, indic\u00f3 que para la entidad es importante que las autoridades locales se involucren en la prevenci\u00f3n de la violencia dom\u00e9stica como un problema social de muchos efectos en las familias.<\/p>\n<p>Manifest\u00f3 que la entidad est\u00e1 dispuesta a coordinar con las autoridades locales para llevar la sensibilizaci\u00f3n a todas las comunidades, grupos o l\u00edderes comunitarios que puedan compartir la informaci\u00f3n y trabajar todos en busca de prevenir situaciones que puedan afectar a las mujeres.<\/p>\n","protected":false},"excerpt":{"rendered":"<p>EDILSA GONZALEZ ROCA Autoridades locales del distrito de Penonom\u00e9 solicitaron al Ministerio de la Mujer m\u00e1s acciones para prevenir la violencia contra las mujeres y especialmente la violencia domestica que afecta a muchas de sus comunidades, as\u00ed qued\u00f3 plasmado durante la \u00faltima sesi\u00f3n del Concejo Municipal. Y es que seg\u00fan dio a conocer el representante [&hellip;]<\/p>\n","protected":false},"author":2,"featured_media":12328,"comment_status":"open","ping_status":"open","sticky":false,"template":"","format":"standard","meta":{"footnotes":""},"categories":[1],"tags":[],"class_list":["post-12329","post","type-post","status-publish","format-standard","has-post-thumbnail","hentry","category-noticias"],"_links":{"self":[{"href":"https:\/\/mifavorita.com.pa\/2017\/wp-json\/wp\/v2\/posts\/12329","targetHints":{"allow":["GET"]}}],"collection":[{"href":"https:\/\/mifavorita.com.pa\/2017\/wp-json\/wp\/v2\/posts"}],"about":[{"href":"https:\/\/mifavorita.com.pa\/2017\/wp-json\/wp\/v2\/types\/post"}],"author":[{"embeddable":true,"href":"https:\/\/mifavorita.com.pa\/2017\/wp-json\/wp\/v2\/users\/2"}],"replies":[{"embeddable":true,"href":"https:\/\/mifavorita.com.pa\/2017\/wp-json\/wp\/v2\/comments?post=12329"}],"version-history":[{"count":1,"href":"https:\/\/mifavorita.com.pa\/2017\/wp-json\/wp\/v2\/posts\/12329\/revisions"}],"predecessor-version":[{"id":12330,"href":"https:\/\/mifavorita.com.pa\/2017\/wp-json\/wp\/v2\/posts\/12329\/revisions\/12330"}],"wp:featuredmedia":[{"embeddable":true,"href":"https:\/\/mifavorita.com.pa\/2017\/wp-json\/wp\/v2\/media\/12328"}],"wp:attachment":[{"href":"https:\/\/mifavorita.com.pa\/2017\/wp-json\/wp\/v2\/media?parent=12329"}],"wp:term":[{"taxonomy":"category","embeddable":true,"href":"https:\/\/mifavorita.com.pa\/2017\/wp-json\/wp\/v2\/categories?post=12329"},{"taxonomy":"post_tag","embeddable":true,"href":"https:\/\/mifavorita.com.pa\/2017\/wp-json\/wp\/v2\/tags?post=12329"}],"curies":[{"name":"wp","href":"https:\/\/api.w.org\/{rel}","templated":true}]}}