{"id":14224,"date":"2024-11-01T18:18:54","date_gmt":"2024-11-01T18:18:54","guid":{"rendered":"https:\/\/mifavorita.com.pa\/2017\/?p=14224"},"modified":"2024-11-02T16:25:35","modified_gmt":"2024-11-02T16:25:35","slug":"estamenos-de-seguridad-preparados-para-fiestas-patrias-en-cocle-gran-cantidad-de-unidades-estaran-brindando-atencion","status":"publish","type":"post","link":"https:\/\/mifavorita.com.pa\/2017\/estamenos-de-seguridad-preparados-para-fiestas-patrias-en-cocle-gran-cantidad-de-unidades-estaran-brindando-atencion\/","title":{"rendered":"ESTAMENOS DE SEGURIDAD PREPARADOS PARA FIESTAS PATRIAS EN COCL\u00c9, GRAN CANTIDAD DE UNIDADES ESTAR\u00c1N BRINDANDO ATENCI\u00d3N"},"content":{"rendered":"\n<p>Preparados est\u00e1n los 6 distritos de la provincia de Cocl\u00e9 para conmemorar las fiestas patrias, as\u00ed tambi\u00e9n se encuentran los estamentos de seguridad para brindar seguridad a los propios y visitantes que acudan a las rutas de los diversos desfiles.<\/p>\n\n\n\n<p>Tanto el Sistema Nacional de Protecci\u00f3n Civil como el Benem\u00e9rito Cuerpo de Bomberos, han designado personal especial para dar atenci\u00f3n durante estos d\u00edas.<\/p>\n\n\n\n<p>Ser\u00e1n cerca de 50 unidades del SINAPROC, que se mantendr\u00e1n en las zonas de desfiles, por lo que piden a la poblaci\u00f3n estar atentos de donde se ubicar\u00e1n las carpas de atenci\u00f3n. Henry Smith, director en Cocl\u00e9, explic\u00f3 que cubrir\u00e1n estas actividades, en especial los d\u00edas 5 en Ant\u00f3n y Nat\u00e1, y el 3,4 y 6 en Penonom\u00e9.<\/p>\n\n\n\n<p>De igual forma, Margarita Ducreux, coronel en jefe de los bomberos, explic\u00f3 que las unidades se encontrar\u00e1n pendientes ante cualquiera situaci\u00f3n dentro de los distritos como en la v\u00eda interamericana, ya que, durante estas fiestas, el n\u00famero de conductores aumenta, as\u00ed tambi\u00e9n el riesgo de accidentes. <\/p>\n\n\n\n<p>Los estamentos de seguridad tambi\u00e9n piden a la ciudadan\u00eda mantener las medidas preventivas, en especial a los conductores, evitar consumir bebidas alcoh\u00f3licas, y a aquellos que decidan acudir a las playas o balnearios, cuidar de los m\u00e1s peque\u00f1os y de todos sus acompa\u00f1antes.<\/p>\n","protected":false},"excerpt":{"rendered":"<p>Preparados est\u00e1n los 6 distritos de la provincia de Cocl\u00e9 para conmemorar las fiestas patrias, as\u00ed tambi\u00e9n se encuentran los estamentos de seguridad para brindar seguridad a los propios y visitantes que acudan a las rutas de los diversos desfiles. Tanto el Sistema Nacional de Protecci\u00f3n Civil como el Benem\u00e9rito Cuerpo de Bomberos, han designado [&hellip;]<\/p>\n","protected":false},"author":6,"featured_media":14228,"comment_status":"open","ping_status":"open","sticky":false,"template":"","format":"standard","meta":{"footnotes":""},"categories":[17,1],"tags":[],"class_list":["post-14224","post","type-post","status-publish","format-standard","has-post-thumbnail","hentry","category-comunitaria","category-noticias"],"_links":{"self":[{"href":"https:\/\/mifavorita.com.pa\/2017\/wp-json\/wp\/v2\/posts\/14224","targetHints":{"allow":["GET"]}}],"collection":[{"href":"https:\/\/mifavorita.com.pa\/2017\/wp-json\/wp\/v2\/posts"}],"about":[{"href":"https:\/\/mifavorita.com.pa\/2017\/wp-json\/wp\/v2\/types\/post"}],"author":[{"embeddable":true,"href":"https:\/\/mifavorita.com.pa\/2017\/wp-json\/wp\/v2\/users\/6"}],"replies":[{"embeddable":true,"href":"https:\/\/mifavorita.com.pa\/2017\/wp-json\/wp\/v2\/comments?post=14224"}],"version-history":[{"count":1,"href":"https:\/\/mifavorita.com.pa\/2017\/wp-json\/wp\/v2\/posts\/14224\/revisions"}],"predecessor-version":[{"id":14229,"href":"https:\/\/mifavorita.com.pa\/2017\/wp-json\/wp\/v2\/posts\/14224\/revisions\/14229"}],"wp:featuredmedia":[{"embeddable":true,"href":"https:\/\/mifavorita.com.pa\/2017\/wp-json\/wp\/v2\/media\/14228"}],"wp:attachment":[{"href":"https:\/\/mifavorita.com.pa\/2017\/wp-json\/wp\/v2\/media?parent=14224"}],"wp:term":[{"taxonomy":"category","embeddable":true,"href":"https:\/\/mifavorita.com.pa\/2017\/wp-json\/wp\/v2\/categories?post=14224"},{"taxonomy":"post_tag","embeddable":true,"href":"https:\/\/mifavorita.com.pa\/2017\/wp-json\/wp\/v2\/tags?post=14224"}],"curies":[{"name":"wp","href":"https:\/\/api.w.org\/{rel}","templated":true}]}}