{"id":14230,"date":"2024-11-01T18:37:40","date_gmt":"2024-11-01T18:37:40","guid":{"rendered":"https:\/\/mifavorita.com.pa\/2017\/?p=14230"},"modified":"2024-11-01T18:37:59","modified_gmt":"2024-11-01T18:37:59","slug":"trabajadores-de-policlinica-protestan-por-cierre-del-proyecto","status":"publish","type":"post","link":"https:\/\/mifavorita.com.pa\/2017\/trabajadores-de-policlinica-protestan-por-cierre-del-proyecto\/","title":{"rendered":"TRABAJADORES DE POLICL\u00cdNICA PROTESTAN POR CIERRE DEL PROYECTO"},"content":{"rendered":"\n<p>Trabajadores del proyecto Policl\u00ednica de Caja de Seguro Social de Ant\u00f3n protestaron la ma\u00f1ana de este 1 de noviembre cerrando los cuatros carriles de la v\u00eda panamericana en Ant\u00f3n justamente donde se ubica la construcci\u00f3n por el inminente cierre del proyecto.<\/p>\n\n\n\n<p>Y es que seg\u00fan inform\u00f3 Reinaldo Garc\u00e9s, dirigente sindical del Suntracs en Cocl\u00e9, a partir de este mes la empresa comenz\u00f3 a despedir a los trabajadores, los \u00faltimos terminan contrato el mi\u00e9rcoles 6 de noviembre y de esa manera se paralizar\u00eda de manera total el proyecto.<\/p>\n\n\n\n<p>Indic\u00f3 que en esta \u00faltima quincena les entregaron solo la carta de despido sin ninguna explicaci\u00f3n por lo que solicitaron una reuni\u00f3n con el encargado de la obra y fue as\u00ed se enteraron que la empresa no cuenta con recursos para continuar construyendo debido a la CSS le adeuda ya cuatros cuentas que han presentado y no se les paga.<\/p>\n\n\n\n<figure class=\"wp-block-image size-large\"><img fetchpriority=\"high\" decoding=\"async\" width=\"1024\" height=\"768\" src=\"https:\/\/mifavorita.com.pa\/2017\/wp-content\/uploads\/2024\/11\/IMG-20241101-WA0025-1024x768.jpg\" alt=\"\" class=\"wp-image-14232\" srcset=\"https:\/\/mifavorita.com.pa\/2017\/wp-content\/uploads\/2024\/11\/IMG-20241101-WA0025-1024x768.jpg 1024w, https:\/\/mifavorita.com.pa\/2017\/wp-content\/uploads\/2024\/11\/IMG-20241101-WA0025-300x225.jpg 300w, https:\/\/mifavorita.com.pa\/2017\/wp-content\/uploads\/2024\/11\/IMG-20241101-WA0025-768x576.jpg 768w, https:\/\/mifavorita.com.pa\/2017\/wp-content\/uploads\/2024\/11\/IMG-20241101-WA0025-700x525.jpg 700w, https:\/\/mifavorita.com.pa\/2017\/wp-content\/uploads\/2024\/11\/IMG-20241101-WA0025-500x375.jpg 500w, https:\/\/mifavorita.com.pa\/2017\/wp-content\/uploads\/2024\/11\/IMG-20241101-WA0025-800x600.jpg 800w, https:\/\/mifavorita.com.pa\/2017\/wp-content\/uploads\/2024\/11\/IMG-20241101-WA0025.jpg 1280w\" sizes=\"(max-width: 1024px) 100vw, 1024px\" \/><\/figure>\n\n\n\n<p>Garc\u00e9s detall\u00f3 que el tema est\u00e1 igual que el Hospital Aquilino Tejeira de Penonom\u00e9 que actualmente labora a un cuatro de marcha debido a la falta de dinero para su continuidad, pero igual que lo hicieron con el hospital luchar\u00e1n porque las obras de la policl\u00ednica de Ant\u00f3n no se paralicen.<\/p>\n\n\n\n<p>Garc\u00e9s expres\u00f3 su preocupaci\u00f3n por que ocurra con este proyecto de la CSS lo que ha pasado con otros proyectos de la entidad en la provincia de Cocl\u00e9, como fueron la policl\u00ednica de Penonom\u00e9 y Aguadulce que duraron a\u00f1os paralizadas por la desidia de las autoridades.<\/p>\n\n\n\n<p>Indic\u00f3 que este proyecto fue iniciado con la intenci\u00f3n de darle respuesta a decenas de enfermos renales que existen en este distrito que se ven obligados a viajar largas distancias para poder recibir atenci\u00f3n m\u00e9dica por lo que es importante que los antoneros apoyen las movilizaciones para impedir que este proyecto no se termine.<\/p>\n","protected":false},"excerpt":{"rendered":"<p>Trabajadores del proyecto Policl\u00ednica de Caja de Seguro Social de Ant\u00f3n protestaron la ma\u00f1ana de este 1 de noviembre cerrando los cuatros carriles de la v\u00eda panamericana en Ant\u00f3n justamente donde se ubica la construcci\u00f3n por el inminente cierre del proyecto. Y es que seg\u00fan inform\u00f3 Reinaldo Garc\u00e9s, dirigente sindical del Suntracs en Cocl\u00e9, a [&hellip;]<\/p>\n","protected":false},"author":5,"featured_media":14231,"comment_status":"open","ping_status":"open","sticky":false,"template":"","format":"standard","meta":{"footnotes":""},"categories":[17,1],"tags":[],"class_list":["post-14230","post","type-post","status-publish","format-standard","has-post-thumbnail","hentry","category-comunitaria","category-noticias"],"_links":{"self":[{"href":"https:\/\/mifavorita.com.pa\/2017\/wp-json\/wp\/v2\/posts\/14230","targetHints":{"allow":["GET"]}}],"collection":[{"href":"https:\/\/mifavorita.com.pa\/2017\/wp-json\/wp\/v2\/posts"}],"about":[{"href":"https:\/\/mifavorita.com.pa\/2017\/wp-json\/wp\/v2\/types\/post"}],"author":[{"embeddable":true,"href":"https:\/\/mifavorita.com.pa\/2017\/wp-json\/wp\/v2\/users\/5"}],"replies":[{"embeddable":true,"href":"https:\/\/mifavorita.com.pa\/2017\/wp-json\/wp\/v2\/comments?post=14230"}],"version-history":[{"count":1,"href":"https:\/\/mifavorita.com.pa\/2017\/wp-json\/wp\/v2\/posts\/14230\/revisions"}],"predecessor-version":[{"id":14233,"href":"https:\/\/mifavorita.com.pa\/2017\/wp-json\/wp\/v2\/posts\/14230\/revisions\/14233"}],"wp:featuredmedia":[{"embeddable":true,"href":"https:\/\/mifavorita.com.pa\/2017\/wp-json\/wp\/v2\/media\/14231"}],"wp:attachment":[{"href":"https:\/\/mifavorita.com.pa\/2017\/wp-json\/wp\/v2\/media?parent=14230"}],"wp:term":[{"taxonomy":"category","embeddable":true,"href":"https:\/\/mifavorita.com.pa\/2017\/wp-json\/wp\/v2\/categories?post=14230"},{"taxonomy":"post_tag","embeddable":true,"href":"https:\/\/mifavorita.com.pa\/2017\/wp-json\/wp\/v2\/tags?post=14230"}],"curies":[{"name":"wp","href":"https:\/\/api.w.org\/{rel}","templated":true}]}}