{"id":14249,"date":"2024-11-02T15:54:08","date_gmt":"2024-11-02T15:54:08","guid":{"rendered":"https:\/\/mifavorita.com.pa\/2017\/?p=14249"},"modified":"2024-11-07T13:41:59","modified_gmt":"2024-11-07T13:41:59","slug":"alcaldia-de-penonome-y-concejo-municipal-realizan-homenaje-postumo-al-profesor-dario-fernandez-jaen-en-el-dia-de-los-difuntos","status":"publish","type":"post","link":"https:\/\/mifavorita.com.pa\/2017\/alcaldia-de-penonome-y-concejo-municipal-realizan-homenaje-postumo-al-profesor-dario-fernandez-jaen-en-el-dia-de-los-difuntos\/","title":{"rendered":"ALCALD\u00cdA DE PENONOM\u00c9 Y CONCEJO MUNICIPAL REALIZAN HOMENAJE P\u00d3STUMO AL PROFESOR DAR\u00cdO FERN\u00c1NDEZ JA\u00c9N EN EL D\u00cdA DE LOS DIFUNTOS"},"content":{"rendered":"\n<p>En recuerdo de los fieles difuntos, este 2 de noviembre, el Municipio de Penonom\u00e9 junto al Concejo Municipal realizaron un homenaje a cada uno de ellos, resaltando en especial la vida del profesor Dar\u00edo Fern\u00e1ndez Ja\u00e9n, as\u00ed como tambi\u00e9n a los hombres y mujeres ilustres del distrito que ya partieron a la casa de Dios.<\/p>\n\n\n\n<p>Los actos iniciaron con una eucarist\u00eda, presidida por el p\u00e1rroco, Rafael Menj\u00edvar, quien se\u00f1al\u00f3 durante su homil\u00eda, el recordar a cada uno de los familiares o amigos que han muerto, con amor cada d\u00eda, orando por sus almas y para que descansen en Dios.<\/p>\n\n\n\n<p>Posterior a la misa, familiares del profesor Ja\u00e9n acompa\u00f1ado de las autoridades del distrito, colocaron ofrendas florales en la cripta donde reposan sus restos. Alma Alzamora, esposa del profesor, expres\u00f3 su m\u00e1s sincero agradecimiento por este merecido homenaje realizado para resaltar la memoria y el legado de Don Dar\u00edo Fern\u00e1ndez.<\/p>\n\n\n\n<figure class=\"wp-block-image size-large is-resized\"><img fetchpriority=\"high\" decoding=\"async\" width=\"1024\" height=\"461\" src=\"https:\/\/mifavorita.com.pa\/2017\/wp-content\/uploads\/2024\/11\/3ae4d187-9ae1-49f6-b303-5f74d13f6479-1024x461.jpg\" alt=\"\" class=\"wp-image-14251\" style=\"width:837px;height:auto\" srcset=\"https:\/\/mifavorita.com.pa\/2017\/wp-content\/uploads\/2024\/11\/3ae4d187-9ae1-49f6-b303-5f74d13f6479-1024x461.jpg 1024w, https:\/\/mifavorita.com.pa\/2017\/wp-content\/uploads\/2024\/11\/3ae4d187-9ae1-49f6-b303-5f74d13f6479-300x135.jpg 300w, https:\/\/mifavorita.com.pa\/2017\/wp-content\/uploads\/2024\/11\/3ae4d187-9ae1-49f6-b303-5f74d13f6479-768x346.jpg 768w, https:\/\/mifavorita.com.pa\/2017\/wp-content\/uploads\/2024\/11\/3ae4d187-9ae1-49f6-b303-5f74d13f6479-1536x691.jpg 1536w, https:\/\/mifavorita.com.pa\/2017\/wp-content\/uploads\/2024\/11\/3ae4d187-9ae1-49f6-b303-5f74d13f6479-700x315.jpg 700w, https:\/\/mifavorita.com.pa\/2017\/wp-content\/uploads\/2024\/11\/3ae4d187-9ae1-49f6-b303-5f74d13f6479-500x225.jpg 500w, https:\/\/mifavorita.com.pa\/2017\/wp-content\/uploads\/2024\/11\/3ae4d187-9ae1-49f6-b303-5f74d13f6479.jpg 1600w\" sizes=\"(max-width: 1024px) 100vw, 1024px\" \/><\/figure>\n\n\n\n<p>Se\u00f1al\u00f3 tambi\u00e9n que, como esposo, padre y profesional, destac\u00f3, aportando siempre al desarrollo de las comunidades y de la justicia social, lo que lo convierte en un ejemplo para las nuevas generaciones, en especial en el \u00e1mbito del servicio p\u00fablico, ya que, durante sus m\u00faltiples administraciones como Gobernador de la provincia de Cocl\u00e9, escuch\u00f3 a quien lo necesitara.<\/p>\n\n\n\n<figure class=\"wp-block-image size-large\"><img decoding=\"async\" width=\"1024\" height=\"576\" src=\"https:\/\/mifavorita.com.pa\/2017\/wp-content\/uploads\/2024\/11\/IMG_1923-1-1024x576.jpg\" alt=\"\" class=\"wp-image-14252\" srcset=\"https:\/\/mifavorita.com.pa\/2017\/wp-content\/uploads\/2024\/11\/IMG_1923-1-1024x576.jpg 1024w, https:\/\/mifavorita.com.pa\/2017\/wp-content\/uploads\/2024\/11\/IMG_1923-1-300x169.jpg 300w, https:\/\/mifavorita.com.pa\/2017\/wp-content\/uploads\/2024\/11\/IMG_1923-1-768x432.jpg 768w, https:\/\/mifavorita.com.pa\/2017\/wp-content\/uploads\/2024\/11\/IMG_1923-1-1536x864.jpg 1536w, https:\/\/mifavorita.com.pa\/2017\/wp-content\/uploads\/2024\/11\/IMG_1923-1-2048x1152.jpg 2048w, https:\/\/mifavorita.com.pa\/2017\/wp-content\/uploads\/2024\/11\/IMG_1923-1-700x394.jpg 700w, https:\/\/mifavorita.com.pa\/2017\/wp-content\/uploads\/2024\/11\/IMG_1923-1-500x281.jpg 500w\" sizes=\"(max-width: 1024px) 100vw, 1024px\" \/><\/figure>\n\n\n\n<p>Manuel Rodr\u00edguez, presidente del Concejo Municipal de Penonom\u00e9, se\u00f1al\u00f3 que este a\u00f1o trabajaron junto al Municipio para resaltar el legado de personas que han aportado al desarrollo del distrito, ya que se colocaron tambi\u00e9n arreglos florales a los hombres y mujeres ilustres.<\/p>\n\n\n\n<figure class=\"wp-block-image size-large\"><img decoding=\"async\" width=\"1024\" height=\"768\" src=\"https:\/\/mifavorita.com.pa\/2017\/wp-content\/uploads\/2024\/11\/IMG_1921-1024x768.jpg\" alt=\"\" class=\"wp-image-14253\" srcset=\"https:\/\/mifavorita.com.pa\/2017\/wp-content\/uploads\/2024\/11\/IMG_1921-1024x768.jpg 1024w, https:\/\/mifavorita.com.pa\/2017\/wp-content\/uploads\/2024\/11\/IMG_1921-300x225.jpg 300w, https:\/\/mifavorita.com.pa\/2017\/wp-content\/uploads\/2024\/11\/IMG_1921-768x576.jpg 768w, https:\/\/mifavorita.com.pa\/2017\/wp-content\/uploads\/2024\/11\/IMG_1921-1536x1152.jpg 1536w, https:\/\/mifavorita.com.pa\/2017\/wp-content\/uploads\/2024\/11\/IMG_1921-2048x1536.jpg 2048w, https:\/\/mifavorita.com.pa\/2017\/wp-content\/uploads\/2024\/11\/IMG_1921-700x525.jpg 700w, https:\/\/mifavorita.com.pa\/2017\/wp-content\/uploads\/2024\/11\/IMG_1921-500x375.jpg 500w, https:\/\/mifavorita.com.pa\/2017\/wp-content\/uploads\/2024\/11\/IMG_1921-800x600.jpg 800w\" sizes=\"(max-width: 1024px) 100vw, 1024px\" \/><\/figure>\n\n\n\n<p>Por su parte, Robin Kam, alcalde del distrito, explic\u00f3 que escogieron honrar este a\u00f1o al profesor Dar\u00edo Fern\u00e1ndez por todos sus aportes, no s\u00f3lo a Penonom\u00e9 sino a toda la provincia de Cocl\u00e9. Indic\u00f3, adem\u00e1s que tanto el 3 de noviembre como el 4 y 6, ha coordinador cada acto y desfile para que se desarrolle de la mejor manera posible, con invitados de todo el pa\u00eds.<\/p>\n\n\n\n<p>Escuelas, instituciones y organizaciones tambi\u00e9n participaron de estos actos conmemorativos, y realizaron sus respectivas romer\u00edas al Cementerio Municipal.<\/p>\n\n\n\n<figure class=\"wp-block-image size-large\"><img loading=\"lazy\" decoding=\"async\" width=\"1024\" height=\"576\" src=\"https:\/\/mifavorita.com.pa\/2017\/wp-content\/uploads\/2024\/11\/IMG_1888-1024x576.jpg\" alt=\"\" class=\"wp-image-14254\" srcset=\"https:\/\/mifavorita.com.pa\/2017\/wp-content\/uploads\/2024\/11\/IMG_1888-1024x576.jpg 1024w, https:\/\/mifavorita.com.pa\/2017\/wp-content\/uploads\/2024\/11\/IMG_1888-300x169.jpg 300w, https:\/\/mifavorita.com.pa\/2017\/wp-content\/uploads\/2024\/11\/IMG_1888-768x432.jpg 768w, https:\/\/mifavorita.com.pa\/2017\/wp-content\/uploads\/2024\/11\/IMG_1888-1536x864.jpg 1536w, https:\/\/mifavorita.com.pa\/2017\/wp-content\/uploads\/2024\/11\/IMG_1888-2048x1152.jpg 2048w, https:\/\/mifavorita.com.pa\/2017\/wp-content\/uploads\/2024\/11\/IMG_1888-700x394.jpg 700w, https:\/\/mifavorita.com.pa\/2017\/wp-content\/uploads\/2024\/11\/IMG_1888-500x281.jpg 500w\" sizes=\"(max-width: 1024px) 100vw, 1024px\" \/><\/figure>\n\n\n\n<p><\/p>\n","protected":false},"excerpt":{"rendered":"<p>En recuerdo de los fieles difuntos, este 2 de noviembre, el Municipio de Penonom\u00e9 junto al Concejo Municipal realizaron un homenaje a cada uno de ellos, resaltando en especial la vida del profesor Dar\u00edo Fern\u00e1ndez Ja\u00e9n, as\u00ed como tambi\u00e9n a los hombres y mujeres ilustres del distrito que ya partieron a la casa de Dios. [&hellip;]<\/p>\n","protected":false},"author":6,"featured_media":14250,"comment_status":"open","ping_status":"open","sticky":false,"template":"","format":"standard","meta":{"footnotes":""},"categories":[17,1],"tags":[],"class_list":["post-14249","post","type-post","status-publish","format-standard","has-post-thumbnail","hentry","category-comunitaria","category-noticias"],"_links":{"self":[{"href":"https:\/\/mifavorita.com.pa\/2017\/wp-json\/wp\/v2\/posts\/14249","targetHints":{"allow":["GET"]}}],"collection":[{"href":"https:\/\/mifavorita.com.pa\/2017\/wp-json\/wp\/v2\/posts"}],"about":[{"href":"https:\/\/mifavorita.com.pa\/2017\/wp-json\/wp\/v2\/types\/post"}],"author":[{"embeddable":true,"href":"https:\/\/mifavorita.com.pa\/2017\/wp-json\/wp\/v2\/users\/6"}],"replies":[{"embeddable":true,"href":"https:\/\/mifavorita.com.pa\/2017\/wp-json\/wp\/v2\/comments?post=14249"}],"version-history":[{"count":3,"href":"https:\/\/mifavorita.com.pa\/2017\/wp-json\/wp\/v2\/posts\/14249\/revisions"}],"predecessor-version":[{"id":14271,"href":"https:\/\/mifavorita.com.pa\/2017\/wp-json\/wp\/v2\/posts\/14249\/revisions\/14271"}],"wp:featuredmedia":[{"embeddable":true,"href":"https:\/\/mifavorita.com.pa\/2017\/wp-json\/wp\/v2\/media\/14250"}],"wp:attachment":[{"href":"https:\/\/mifavorita.com.pa\/2017\/wp-json\/wp\/v2\/media?parent=14249"}],"wp:term":[{"taxonomy":"category","embeddable":true,"href":"https:\/\/mifavorita.com.pa\/2017\/wp-json\/wp\/v2\/categories?post=14249"},{"taxonomy":"post_tag","embeddable":true,"href":"https:\/\/mifavorita.com.pa\/2017\/wp-json\/wp\/v2\/tags?post=14249"}],"curies":[{"name":"wp","href":"https:\/\/api.w.org\/{rel}","templated":true}]}}