{"id":14266,"date":"2024-11-03T15:48:37","date_gmt":"2024-11-03T15:48:37","guid":{"rendered":"https:\/\/mifavorita.com.pa\/2017\/?p=14266"},"modified":"2024-11-07T13:42:07","modified_gmt":"2024-11-07T13:42:07","slug":"penonome-rindio-honor-a-los-121-anos-de-vida-republicana","status":"publish","type":"post","link":"https:\/\/mifavorita.com.pa\/2017\/penonome-rindio-honor-a-los-121-anos-de-vida-republicana\/","title":{"rendered":"PENONOM\u00c9 RINDI\u00d3 HONOR A LOS 121 A\u00d1OS DE VIDA REPUBLICANA"},"content":{"rendered":"\n<p class=\"p1\">Con gran entusiasmo, escuelas, autoridades y p\u00fablico general, rindieron honor a la patria este 3 de noviembre en Penonom\u00e9. Los actos protocolares para conmemorar los 121 a\u00f1os de vida republicana, iniciaron con las palabras del orador de fondo, el gobernador de la provincia de Cocl\u00e9, Irving Gonz\u00e1lez, seguido de una serie de reconocimientos a personas que han contribuido al desarrollo del distrito.<\/p>\n\n\n\n<figure class=\"wp-block-image size-large\"><img fetchpriority=\"high\" decoding=\"async\" width=\"1024\" height=\"768\" src=\"https:\/\/mifavorita.com.pa\/2017\/wp-content\/uploads\/2024\/11\/img_1973-1024x768.jpg\" class=\"wp-image-14259\" srcset=\"https:\/\/mifavorita.com.pa\/2017\/wp-content\/uploads\/2024\/11\/img_1973-1024x768.jpg 1024w, https:\/\/mifavorita.com.pa\/2017\/wp-content\/uploads\/2024\/11\/img_1973-300x225.jpg 300w, https:\/\/mifavorita.com.pa\/2017\/wp-content\/uploads\/2024\/11\/img_1973-768x576.jpg 768w, https:\/\/mifavorita.com.pa\/2017\/wp-content\/uploads\/2024\/11\/img_1973-1536x1152.jpg 1536w, https:\/\/mifavorita.com.pa\/2017\/wp-content\/uploads\/2024\/11\/img_1973-700x525.jpg 700w, https:\/\/mifavorita.com.pa\/2017\/wp-content\/uploads\/2024\/11\/img_1973-500x375.jpg 500w, https:\/\/mifavorita.com.pa\/2017\/wp-content\/uploads\/2024\/11\/img_1973-800x600.jpg 800w, https:\/\/mifavorita.com.pa\/2017\/wp-content\/uploads\/2024\/11\/img_1973.jpg 2000w\" sizes=\"(max-width: 1024px) 100vw, 1024px\" \/><\/figure>\n\n\n\n<p class=\"p1\">Entre los distinguidos de estuvo la docente Mar\u00eda Isabel Aguilar, de la Escuela Sof\u00eda Quir\u00f3s de Tejeira, quien tambi\u00e9n acompa\u00f1\u00f3 a sus estudiantes a ser quienes izaran el pabell\u00f3n nacional y realizaran el juramento a la bandera. Tambi\u00e9n, fue reconocido el profesor e instructor de folclor, Francisco De Le\u00f3n, y la arrendataria del Mercado de Penonom\u00e9, la se\u00f1ora Zenaida Quir\u00f3s.<\/p>\n\n\n\n<figure class=\"wp-block-image size-large\"><img decoding=\"async\" width=\"1024\" height=\"768\" src=\"https:\/\/mifavorita.com.pa\/2017\/wp-content\/uploads\/2024\/11\/img_1957-1024x768.jpg\" class=\"wp-image-14260\" srcset=\"https:\/\/mifavorita.com.pa\/2017\/wp-content\/uploads\/2024\/11\/img_1957-1024x768.jpg 1024w, https:\/\/mifavorita.com.pa\/2017\/wp-content\/uploads\/2024\/11\/img_1957-300x225.jpg 300w, https:\/\/mifavorita.com.pa\/2017\/wp-content\/uploads\/2024\/11\/img_1957-768x576.jpg 768w, https:\/\/mifavorita.com.pa\/2017\/wp-content\/uploads\/2024\/11\/img_1957-1536x1152.jpg 1536w, https:\/\/mifavorita.com.pa\/2017\/wp-content\/uploads\/2024\/11\/img_1957-700x525.jpg 700w, https:\/\/mifavorita.com.pa\/2017\/wp-content\/uploads\/2024\/11\/img_1957-500x375.jpg 500w, https:\/\/mifavorita.com.pa\/2017\/wp-content\/uploads\/2024\/11\/img_1957-800x600.jpg 800w, https:\/\/mifavorita.com.pa\/2017\/wp-content\/uploads\/2024\/11\/img_1957.jpg 2000w\" sizes=\"(max-width: 1024px) 100vw, 1024px\" \/><figcaption class=\"wp-element-caption\">Docente Mar\u00eda Isabel Aguilar <\/figcaption><\/figure>\n\n\n\n<figure class=\"wp-block-image size-large\"><img decoding=\"async\" width=\"1024\" height=\"768\" src=\"https:\/\/mifavorita.com.pa\/2017\/wp-content\/uploads\/2024\/11\/img_1964-1024x768.jpg\" class=\"wp-image-14261\" srcset=\"https:\/\/mifavorita.com.pa\/2017\/wp-content\/uploads\/2024\/11\/img_1964-1024x768.jpg 1024w, https:\/\/mifavorita.com.pa\/2017\/wp-content\/uploads\/2024\/11\/img_1964-300x225.jpg 300w, https:\/\/mifavorita.com.pa\/2017\/wp-content\/uploads\/2024\/11\/img_1964-768x576.jpg 768w, https:\/\/mifavorita.com.pa\/2017\/wp-content\/uploads\/2024\/11\/img_1964-1536x1152.jpg 1536w, https:\/\/mifavorita.com.pa\/2017\/wp-content\/uploads\/2024\/11\/img_1964-700x525.jpg 700w, https:\/\/mifavorita.com.pa\/2017\/wp-content\/uploads\/2024\/11\/img_1964-500x375.jpg 500w, https:\/\/mifavorita.com.pa\/2017\/wp-content\/uploads\/2024\/11\/img_1964-800x600.jpg 800w, https:\/\/mifavorita.com.pa\/2017\/wp-content\/uploads\/2024\/11\/img_1964.jpg 2000w\" sizes=\"(max-width: 1024px) 100vw, 1024px\" \/><figcaption class=\"wp-element-caption\">Profesor Francisco De Le\u00f3n<\/figcaption><\/figure>\n\n\n\n<figure class=\"wp-block-image size-large\"><img loading=\"lazy\" decoding=\"async\" width=\"1024\" height=\"768\" src=\"https:\/\/mifavorita.com.pa\/2017\/wp-content\/uploads\/2024\/11\/img_1967-1024x768.jpg\" class=\"wp-image-14262\" srcset=\"https:\/\/mifavorita.com.pa\/2017\/wp-content\/uploads\/2024\/11\/img_1967-1024x768.jpg 1024w, https:\/\/mifavorita.com.pa\/2017\/wp-content\/uploads\/2024\/11\/img_1967-300x225.jpg 300w, https:\/\/mifavorita.com.pa\/2017\/wp-content\/uploads\/2024\/11\/img_1967-768x576.jpg 768w, https:\/\/mifavorita.com.pa\/2017\/wp-content\/uploads\/2024\/11\/img_1967-1536x1152.jpg 1536w, https:\/\/mifavorita.com.pa\/2017\/wp-content\/uploads\/2024\/11\/img_1967-700x525.jpg 700w, https:\/\/mifavorita.com.pa\/2017\/wp-content\/uploads\/2024\/11\/img_1967-500x375.jpg 500w, https:\/\/mifavorita.com.pa\/2017\/wp-content\/uploads\/2024\/11\/img_1967-800x600.jpg 800w, https:\/\/mifavorita.com.pa\/2017\/wp-content\/uploads\/2024\/11\/img_1967.jpg 2000w\" sizes=\"(max-width: 1024px) 100vw, 1024px\" \/><figcaption class=\"wp-element-caption\">Zenaida Quir\u00f3s, arrendataria del Mercado <\/figcaption><\/figure>\n\n\n\n<p class=\"p1\">El abanderado de este d\u00eda fue el empresario Jos\u00e9 Eduardo Liu Lou, quien agradeci\u00f3 al alcalde del distrito, Robin Kam, por el honor de este d\u00eda, destacando el aporte que la Comunidad China realiza al distrito de manera cultural y solidaria.&nbsp;<\/p>\n\n\n\n<p class=\"p1\">Por su parte, el Gobernador de la Provincia, tambi\u00e9n expres\u00f3 su alegr\u00eda al compartir con los penonome\u00f1os este d\u00eda especial, e indic\u00f3 que se mantienen monitoreando las condiciones clim\u00e1ticas junto a los estamentos de de seguridad y el Ministerio de Educaci\u00f3n, y no descart\u00f3 que en caso de situaciones adversas, se podr\u00edan tambi\u00e9n suspender los desfiles en Cocl\u00e9.<\/p>\n\n\n\n<figure class=\"wp-block-image size-large\"><img loading=\"lazy\" decoding=\"async\" width=\"1024\" height=\"768\" src=\"https:\/\/mifavorita.com.pa\/2017\/wp-content\/uploads\/2024\/11\/img_1988-1024x768.jpg\" class=\"wp-image-14263\" srcset=\"https:\/\/mifavorita.com.pa\/2017\/wp-content\/uploads\/2024\/11\/img_1988-1024x768.jpg 1024w, https:\/\/mifavorita.com.pa\/2017\/wp-content\/uploads\/2024\/11\/img_1988-300x225.jpg 300w, https:\/\/mifavorita.com.pa\/2017\/wp-content\/uploads\/2024\/11\/img_1988-768x576.jpg 768w, https:\/\/mifavorita.com.pa\/2017\/wp-content\/uploads\/2024\/11\/img_1988-1536x1152.jpg 1536w, https:\/\/mifavorita.com.pa\/2017\/wp-content\/uploads\/2024\/11\/img_1988-700x525.jpg 700w, https:\/\/mifavorita.com.pa\/2017\/wp-content\/uploads\/2024\/11\/img_1988-500x375.jpg 500w, https:\/\/mifavorita.com.pa\/2017\/wp-content\/uploads\/2024\/11\/img_1988-800x600.jpg 800w, https:\/\/mifavorita.com.pa\/2017\/wp-content\/uploads\/2024\/11\/img_1988.jpg 2000w\" sizes=\"(max-width: 1024px) 100vw, 1024px\" \/><\/figure>\n\n\n\n<p class=\"p1\">Una vez culminados los actos, se procedi\u00f3 al Te Deum en la Catedral San Juan Bautista, presidido por Monse\u00f1or Edgardo Cede\u00f1o. De estas actividades participaron los dos diputados del circuito 2-1, Julio De La Guardia y N\u00e9stor Guardia.&nbsp;<\/p>\n\n\n\n<figure class=\"wp-block-image size-large\"><img loading=\"lazy\" decoding=\"async\" width=\"1024\" height=\"768\" src=\"https:\/\/mifavorita.com.pa\/2017\/wp-content\/uploads\/2024\/11\/img_2025-1024x768.jpg\" class=\"wp-image-14264\" srcset=\"https:\/\/mifavorita.com.pa\/2017\/wp-content\/uploads\/2024\/11\/img_2025-1024x768.jpg 1024w, https:\/\/mifavorita.com.pa\/2017\/wp-content\/uploads\/2024\/11\/img_2025-300x225.jpg 300w, https:\/\/mifavorita.com.pa\/2017\/wp-content\/uploads\/2024\/11\/img_2025-768x576.jpg 768w, https:\/\/mifavorita.com.pa\/2017\/wp-content\/uploads\/2024\/11\/img_2025-1536x1152.jpg 1536w, https:\/\/mifavorita.com.pa\/2017\/wp-content\/uploads\/2024\/11\/img_2025-700x525.jpg 700w, https:\/\/mifavorita.com.pa\/2017\/wp-content\/uploads\/2024\/11\/img_2025-500x375.jpg 500w, https:\/\/mifavorita.com.pa\/2017\/wp-content\/uploads\/2024\/11\/img_2025-800x600.jpg 800w, https:\/\/mifavorita.com.pa\/2017\/wp-content\/uploads\/2024\/11\/img_2025.jpg 2000w\" sizes=\"(max-width: 1024px) 100vw, 1024px\" \/><\/figure>\n\n\n\n<p class=\"p1\">El desfile di\u00f3 inicio a eso de las 9:15 de la ma\u00f1ana, encabezado por las autoridades y escuelas de Penonom\u00e9.<\/p>\n\n\n\n<figure class=\"wp-block-image size-large\"><img loading=\"lazy\" decoding=\"async\" width=\"1024\" height=\"576\" src=\"https:\/\/mifavorita.com.pa\/2017\/wp-content\/uploads\/2024\/11\/img_2035-1-1024x576.jpg\" class=\"wp-image-14265\" srcset=\"https:\/\/mifavorita.com.pa\/2017\/wp-content\/uploads\/2024\/11\/img_2035-1-1024x576.jpg 1024w, https:\/\/mifavorita.com.pa\/2017\/wp-content\/uploads\/2024\/11\/img_2035-1-300x169.jpg 300w, https:\/\/mifavorita.com.pa\/2017\/wp-content\/uploads\/2024\/11\/img_2035-1-768x432.jpg 768w, https:\/\/mifavorita.com.pa\/2017\/wp-content\/uploads\/2024\/11\/img_2035-1-1536x864.jpg 1536w, https:\/\/mifavorita.com.pa\/2017\/wp-content\/uploads\/2024\/11\/img_2035-1-700x394.jpg 700w, https:\/\/mifavorita.com.pa\/2017\/wp-content\/uploads\/2024\/11\/img_2035-1-500x281.jpg 500w, https:\/\/mifavorita.com.pa\/2017\/wp-content\/uploads\/2024\/11\/img_2035-1.jpg 2000w\" sizes=\"(max-width: 1024px) 100vw, 1024px\" \/><\/figure>\n","protected":false},"excerpt":{"rendered":"<p>Con gran entusiasmo, escuelas, autoridades y p\u00fablico general, rindieron honor a la patria este 3 de noviembre en Penonom\u00e9. Los actos protocolares para conmemorar los 121 a\u00f1os de vida republicana, iniciaron con las palabras del orador de fondo, el gobernador de la provincia de Cocl\u00e9, Irving Gonz\u00e1lez, seguido de una serie de reconocimientos a personas [&hellip;]<\/p>\n","protected":false},"author":6,"featured_media":14258,"comment_status":"closed","ping_status":"open","sticky":false,"template":"","format":"standard","meta":{"footnotes":""},"categories":[17,1],"tags":[],"class_list":["post-14266","post","type-post","status-publish","format-standard","has-post-thumbnail","hentry","category-comunitaria","category-noticias"],"_links":{"self":[{"href":"https:\/\/mifavorita.com.pa\/2017\/wp-json\/wp\/v2\/posts\/14266","targetHints":{"allow":["GET"]}}],"collection":[{"href":"https:\/\/mifavorita.com.pa\/2017\/wp-json\/wp\/v2\/posts"}],"about":[{"href":"https:\/\/mifavorita.com.pa\/2017\/wp-json\/wp\/v2\/types\/post"}],"author":[{"embeddable":true,"href":"https:\/\/mifavorita.com.pa\/2017\/wp-json\/wp\/v2\/users\/6"}],"replies":[{"embeddable":true,"href":"https:\/\/mifavorita.com.pa\/2017\/wp-json\/wp\/v2\/comments?post=14266"}],"version-history":[{"count":1,"href":"https:\/\/mifavorita.com.pa\/2017\/wp-json\/wp\/v2\/posts\/14266\/revisions"}],"predecessor-version":[{"id":14267,"href":"https:\/\/mifavorita.com.pa\/2017\/wp-json\/wp\/v2\/posts\/14266\/revisions\/14267"}],"wp:featuredmedia":[{"embeddable":true,"href":"https:\/\/mifavorita.com.pa\/2017\/wp-json\/wp\/v2\/media\/14258"}],"wp:attachment":[{"href":"https:\/\/mifavorita.com.pa\/2017\/wp-json\/wp\/v2\/media?parent=14266"}],"wp:term":[{"taxonomy":"category","embeddable":true,"href":"https:\/\/mifavorita.com.pa\/2017\/wp-json\/wp\/v2\/categories?post=14266"},{"taxonomy":"post_tag","embeddable":true,"href":"https:\/\/mifavorita.com.pa\/2017\/wp-json\/wp\/v2\/tags?post=14266"}],"curies":[{"name":"wp","href":"https:\/\/api.w.org\/{rel}","templated":true}]}}