{"id":14268,"date":"2024-11-07T13:27:23","date_gmt":"2024-11-07T13:27:23","guid":{"rendered":"https:\/\/mifavorita.com.pa\/2017\/?p=14268"},"modified":"2024-11-07T13:42:28","modified_gmt":"2024-11-07T13:42:28","slug":"ministro-de-salud-fernando-boyd-galindo-presenta-proyecto-de-reforma-a-la-caja-de-seguro-social-ante-la-asamblea-nacional-protestas-surgen-tras-anuncio-del-presidente-mulino","status":"publish","type":"post","link":"https:\/\/mifavorita.com.pa\/2017\/ministro-de-salud-fernando-boyd-galindo-presenta-proyecto-de-reforma-a-la-caja-de-seguro-social-ante-la-asamblea-nacional-protestas-surgen-tras-anuncio-del-presidente-mulino\/","title":{"rendered":"MINISTRO DE SALUD FERNANDO BOYD GALINDO PRESENTA PROYECTO DE REFORMA A LA CAJA DE SEGURO SOCIAL ANTE LA ASAMBLEA NACIONAL; PROTESTAS SURGEN TRAS ANUNCIO DEL PRESIDENTE MULINO"},"content":{"rendered":"\n<figure class=\"wp-block-gallery has-nested-images columns-default is-cropped wp-block-gallery-1 is-layout-flex wp-block-gallery-is-layout-flex\">\n<figure class=\"wp-block-image size-large\"><img fetchpriority=\"high\" decoding=\"async\" width=\"905\" height=\"603\" data-id=\"14269\" src=\"https:\/\/mifavorita.com.pa\/2017\/wp-content\/uploads\/2024\/11\/fernando-boyd.jpg\" alt=\"\" class=\"wp-image-14269\" srcset=\"https:\/\/mifavorita.com.pa\/2017\/wp-content\/uploads\/2024\/11\/fernando-boyd.jpg 905w, https:\/\/mifavorita.com.pa\/2017\/wp-content\/uploads\/2024\/11\/fernando-boyd-300x200.jpg 300w, https:\/\/mifavorita.com.pa\/2017\/wp-content\/uploads\/2024\/11\/fernando-boyd-768x512.jpg 768w, https:\/\/mifavorita.com.pa\/2017\/wp-content\/uploads\/2024\/11\/fernando-boyd-700x466.jpg 700w, https:\/\/mifavorita.com.pa\/2017\/wp-content\/uploads\/2024\/11\/fernando-boyd-500x333.jpg 500w\" sizes=\"(max-width: 905px) 100vw, 905px\" \/><\/figure>\n<\/figure>\n\n\n\n<p>La tarde del 6 de noviembre, el ministro de Salud, Fernando Boyd Galindo, present\u00f3 ante la Asamblea Nacional el proyecto de ley para reformar la Caja de Seguro Social (CSS), con el prop\u00f3sito de asegurar su sostenibilidad, mejorar el sistema de pensiones y preservar la calidad de los servicios de salud. La propuesta tiene como eje mantener el sistema solidario de la CSS, evitando cualquier tipo de privatizaci\u00f3n y asegurando pensiones dignas para los ciudadanos.<\/p>\n\n\n\n<p>Previamente, el presidente de la Rep\u00fablica, Jos\u00e9 Ra\u00fal Mulino, anunci\u00f3 la iniciativa en cadena nacional, explicando la importancia de esta reforma para el futuro de la seguridad social en Panam\u00e1 y llamando a un debate constructivo sobre los cambios propuestos.<\/p>\n\n\n\n<p>Sin embargo, la presentaci\u00f3n del proyecto gener\u00f3 una reacci\u00f3n inmediata en diversos sectores de la sociedad. A las afueras de la Asamblea Nacional, organizaciones gremiales se concentraron para expresar su rechazo a algunos puntos de la reforma. Adem\u00e1s, estudiantes de la Universidad de Panam\u00e1 protestaron en las inmediaciones del campus, lo que result\u00f3 en enfrentamientos con las unidades antidisturbios y varios arrestos.<\/p>\n\n\n\n<p>Las protestas reflejan la preocupaci\u00f3n de algunos sectores ante cambios como el aumento en la edad de jubilaci\u00f3n y el incremento de las contribuciones para los empleadores. Los manifestantes demandan un mayor an\u00e1lisis y di\u00e1logo sobre los efectos que la reforma podr\u00eda tener en los trabajadores y en las peque\u00f1as empresas.<\/p>\n\n\n\n<p>La propuesta ahora pasar\u00e1 al proceso de debate en la Asamblea Nacional, mientras contin\u00faan las manifestaciones y el llamado de las autoridades a buscar consensos que garanticen el fortalecimiento de la CSS en beneficio de todos&nbsp;los&nbsp;paname\u00f1os.<\/p>\n","protected":false},"excerpt":{"rendered":"<p>La tarde del 6 de noviembre, el ministro de Salud, Fernando Boyd Galindo, present\u00f3 ante la Asamblea Nacional el proyecto de ley para reformar la Caja de Seguro Social (CSS), con el prop\u00f3sito de asegurar su sostenibilidad, mejorar el sistema de pensiones y preservar la calidad de los servicios de salud. La propuesta tiene como [&hellip;]<\/p>\n","protected":false},"author":7,"featured_media":14269,"comment_status":"open","ping_status":"open","sticky":false,"template":"","format":"standard","meta":{"footnotes":""},"categories":[17,1],"tags":[],"class_list":["post-14268","post","type-post","status-publish","format-standard","has-post-thumbnail","hentry","category-comunitaria","category-noticias"],"_links":{"self":[{"href":"https:\/\/mifavorita.com.pa\/2017\/wp-json\/wp\/v2\/posts\/14268","targetHints":{"allow":["GET"]}}],"collection":[{"href":"https:\/\/mifavorita.com.pa\/2017\/wp-json\/wp\/v2\/posts"}],"about":[{"href":"https:\/\/mifavorita.com.pa\/2017\/wp-json\/wp\/v2\/types\/post"}],"author":[{"embeddable":true,"href":"https:\/\/mifavorita.com.pa\/2017\/wp-json\/wp\/v2\/users\/7"}],"replies":[{"embeddable":true,"href":"https:\/\/mifavorita.com.pa\/2017\/wp-json\/wp\/v2\/comments?post=14268"}],"version-history":[{"count":1,"href":"https:\/\/mifavorita.com.pa\/2017\/wp-json\/wp\/v2\/posts\/14268\/revisions"}],"predecessor-version":[{"id":14270,"href":"https:\/\/mifavorita.com.pa\/2017\/wp-json\/wp\/v2\/posts\/14268\/revisions\/14270"}],"wp:featuredmedia":[{"embeddable":true,"href":"https:\/\/mifavorita.com.pa\/2017\/wp-json\/wp\/v2\/media\/14269"}],"wp:attachment":[{"href":"https:\/\/mifavorita.com.pa\/2017\/wp-json\/wp\/v2\/media?parent=14268"}],"wp:term":[{"taxonomy":"category","embeddable":true,"href":"https:\/\/mifavorita.com.pa\/2017\/wp-json\/wp\/v2\/categories?post=14268"},{"taxonomy":"post_tag","embeddable":true,"href":"https:\/\/mifavorita.com.pa\/2017\/wp-json\/wp\/v2\/tags?post=14268"}],"curies":[{"name":"wp","href":"https:\/\/api.w.org\/{rel}","templated":true}]}}