{"id":14272,"date":"2024-11-07T20:04:53","date_gmt":"2024-11-07T20:04:53","guid":{"rendered":"https:\/\/mifavorita.com.pa\/2017\/?p=14272"},"modified":"2024-11-07T20:05:22","modified_gmt":"2024-11-07T20:05:22","slug":"coordinadora-nacional-de-farmacias-de-la-css-visito-cocle-para-verificar-el-abastecimiento-de-medicamentos","status":"publish","type":"post","link":"https:\/\/mifavorita.com.pa\/2017\/coordinadora-nacional-de-farmacias-de-la-css-visito-cocle-para-verificar-el-abastecimiento-de-medicamentos\/","title":{"rendered":"COORDINADORA NACIONAL DE FARMACIAS DE LA CSS VISIT\u00d2 COCL\u00c8 PARA VERIFICAR EL ABASTECIMIENTO DE MEDICAMENTOS"},"content":{"rendered":"\n<p>Con el objetivo de fortalecer los quipos que conforman el Departamento de Farmacia en las diversas instalaciones de la Caja del Seguro Social en Cocl\u00e9, la coordinadora nacional, Alma Rivera de Batista, realiz\u00f3 una visita a la Policl\u00ednica de Penonom\u00e9 y a la de Aguadulce, asimismo, al Hospital Rafael Est\u00e9vez en Aguadulce.<\/p>\n\n\n\n<p>La coordinadora nacional explic\u00f3 que no s\u00f3lo buscan verificar los consumos reales de los pacientes, a fin de evitar desabastecimientos, si no tambi\u00e9n mejorar el trato con ellos.<\/p>\n\n\n\n<figure class=\"wp-block-image size-large\"><img fetchpriority=\"high\" decoding=\"async\" width=\"914\" height=\"1024\" src=\"https:\/\/mifavorita.com.pa\/2017\/wp-content\/uploads\/2024\/11\/IMG_2418-914x1024.jpg\" alt=\"\" class=\"wp-image-14274\" srcset=\"https:\/\/mifavorita.com.pa\/2017\/wp-content\/uploads\/2024\/11\/IMG_2418-914x1024.jpg 914w, https:\/\/mifavorita.com.pa\/2017\/wp-content\/uploads\/2024\/11\/IMG_2418-268x300.jpg 268w, https:\/\/mifavorita.com.pa\/2017\/wp-content\/uploads\/2024\/11\/IMG_2418-768x861.jpg 768w, https:\/\/mifavorita.com.pa\/2017\/wp-content\/uploads\/2024\/11\/IMG_2418-700x784.jpg 700w, https:\/\/mifavorita.com.pa\/2017\/wp-content\/uploads\/2024\/11\/IMG_2418-500x560.jpg 500w, https:\/\/mifavorita.com.pa\/2017\/wp-content\/uploads\/2024\/11\/IMG_2418.jpg 1170w\" sizes=\"(max-width: 914px) 100vw, 914px\" \/><figcaption class=\"wp-element-caption\">Screenshot<\/figcaption><\/figure>\n\n\n\n<p>La idea es fortalecer los equipos que manejan los almacenes, llevan el control de inventario y de entradas o salidas, de manera en que se generen las compras de forma oportuna.<\/p>\n\n\n\n<p>La intensi\u00f3n es que todas las farmacias est\u00e9n dotadas de los medicamentos necesarios, por ello se realiz\u00f3 la reuni\u00f3n con todos los encargados de cada lugar visitado.<\/p>\n\n\n\n<figure class=\"wp-block-image size-large\"><img decoding=\"async\" width=\"747\" height=\"1024\" src=\"https:\/\/mifavorita.com.pa\/2017\/wp-content\/uploads\/2024\/11\/IMG_2415-747x1024.jpg\" alt=\"\" class=\"wp-image-14275\" srcset=\"https:\/\/mifavorita.com.pa\/2017\/wp-content\/uploads\/2024\/11\/IMG_2415-747x1024.jpg 747w, https:\/\/mifavorita.com.pa\/2017\/wp-content\/uploads\/2024\/11\/IMG_2415-219x300.jpg 219w, https:\/\/mifavorita.com.pa\/2017\/wp-content\/uploads\/2024\/11\/IMG_2415-768x1053.jpg 768w, https:\/\/mifavorita.com.pa\/2017\/wp-content\/uploads\/2024\/11\/IMG_2415-1120x1536.jpg 1120w, https:\/\/mifavorita.com.pa\/2017\/wp-content\/uploads\/2024\/11\/IMG_2415-700x960.jpg 700w, https:\/\/mifavorita.com.pa\/2017\/wp-content\/uploads\/2024\/11\/IMG_2415-500x685.jpg 500w, https:\/\/mifavorita.com.pa\/2017\/wp-content\/uploads\/2024\/11\/IMG_2415.jpg 1170w\" sizes=\"(max-width: 747px) 100vw, 747px\" \/><figcaption class=\"wp-element-caption\">Screenshot<\/figcaption><\/figure>\n\n\n\n<p>Estos recorridos se estar\u00e1n dando a nivel nacional, y seg\u00fan la coordinadora, esperan elaborar un plan de fortalecimiento con miras al pr\u00f3ximo a\u00f1o 2025 en cada una de las instalaciones de las provincias.<\/p>\n\n\n\n<p>Tambi\u00e9n se realizan estos recorridos para conocer si se est\u00e1 cumpliendo con las normativas que rigen a las farmacias en Panam\u00e1, incluyendo los establecimientos o instalaciones, y la forma de dispensar los medicamentos.<\/p>\n","protected":false},"excerpt":{"rendered":"<p>Con el objetivo de fortalecer los quipos que conforman el Departamento de Farmacia en las diversas instalaciones de la Caja del Seguro Social en Cocl\u00e9, la coordinadora nacional, Alma Rivera de Batista, realiz\u00f3 una visita a la Policl\u00ednica de Penonom\u00e9 y a la de Aguadulce, asimismo, al Hospital Rafael Est\u00e9vez en Aguadulce. La coordinadora nacional [&hellip;]<\/p>\n","protected":false},"author":6,"featured_media":14273,"comment_status":"open","ping_status":"open","sticky":false,"template":"","format":"standard","meta":{"footnotes":""},"categories":[1],"tags":[],"class_list":["post-14272","post","type-post","status-publish","format-standard","has-post-thumbnail","hentry","category-noticias"],"_links":{"self":[{"href":"https:\/\/mifavorita.com.pa\/2017\/wp-json\/wp\/v2\/posts\/14272","targetHints":{"allow":["GET"]}}],"collection":[{"href":"https:\/\/mifavorita.com.pa\/2017\/wp-json\/wp\/v2\/posts"}],"about":[{"href":"https:\/\/mifavorita.com.pa\/2017\/wp-json\/wp\/v2\/types\/post"}],"author":[{"embeddable":true,"href":"https:\/\/mifavorita.com.pa\/2017\/wp-json\/wp\/v2\/users\/6"}],"replies":[{"embeddable":true,"href":"https:\/\/mifavorita.com.pa\/2017\/wp-json\/wp\/v2\/comments?post=14272"}],"version-history":[{"count":1,"href":"https:\/\/mifavorita.com.pa\/2017\/wp-json\/wp\/v2\/posts\/14272\/revisions"}],"predecessor-version":[{"id":14276,"href":"https:\/\/mifavorita.com.pa\/2017\/wp-json\/wp\/v2\/posts\/14272\/revisions\/14276"}],"wp:featuredmedia":[{"embeddable":true,"href":"https:\/\/mifavorita.com.pa\/2017\/wp-json\/wp\/v2\/media\/14273"}],"wp:attachment":[{"href":"https:\/\/mifavorita.com.pa\/2017\/wp-json\/wp\/v2\/media?parent=14272"}],"wp:term":[{"taxonomy":"category","embeddable":true,"href":"https:\/\/mifavorita.com.pa\/2017\/wp-json\/wp\/v2\/categories?post=14272"},{"taxonomy":"post_tag","embeddable":true,"href":"https:\/\/mifavorita.com.pa\/2017\/wp-json\/wp\/v2\/tags?post=14272"}],"curies":[{"name":"wp","href":"https:\/\/api.w.org\/{rel}","templated":true}]}}