{"id":14282,"date":"2024-11-08T19:20:21","date_gmt":"2024-11-08T19:20:21","guid":{"rendered":"https:\/\/mifavorita.com.pa\/2017\/?p=14282"},"modified":"2024-11-08T19:39:25","modified_gmt":"2024-11-08T19:39:25","slug":"onda-tropical-numero-42-causara-nuevamente-inestabilidad-climatica-en-el-pais-incluyendo-la-provincia-de-cocle","status":"publish","type":"post","link":"https:\/\/mifavorita.com.pa\/2017\/onda-tropical-numero-42-causara-nuevamente-inestabilidad-climatica-en-el-pais-incluyendo-la-provincia-de-cocle\/","title":{"rendered":"ONDA TROPICAL N\u00daMERO 42 CAUSAR\u00c1 NUEVAMENTE INESTABILIDAD CLIM\u00c1TICA EN EL PA\u00cdS, INCLUYENDO LA PROVINCIA DE COCL\u00c9"},"content":{"rendered":"\n<p>Con la entrada de la Onda Tropical n\u00famero 42 al pa\u00eds, en las pr\u00f3ximas 48 a 72 horas, la inestabilidad clim\u00e1tica en todo el territorio nacional, se incrementar\u00e1 con ejes de vaguada que estar\u00e1n favoreciendo la activaci\u00f3n de sistemas de baja presi\u00f3n, lo que significar\u00e1 lluvias constantes, por ello, se ha activado un aviso de vigilancia hasta el lunes 11 de noviembre.<\/p>\n\n\n\n<p>As\u00ed lo establece el pron\u00f3stico del clima de este viernes 8 del Instituto de Meteorolog\u00eda e Hidrolog\u00eda de Panam\u00e1, que advirti\u00f3 de fuertes lluvias en horas de la ma\u00f1ana para \u00e1reas de Bocas del Toro.<\/p>\n\n\n\n<p>De igual forma, explican que, en \u00e1reas del Dari\u00e9n y Comarcas, se tendr\u00e1n algunos aguaceros, al igual que la Cordillera central incluyendo Cocl\u00e9.<\/p>\n\n\n\n<figure class=\"wp-block-image size-large\"><img fetchpriority=\"high\" decoding=\"async\" width=\"576\" height=\"1024\" src=\"https:\/\/mifavorita.com.pa\/2017\/wp-content\/uploads\/2024\/11\/IMG_2475-576x1024.jpeg\" alt=\"\" class=\"wp-image-14284\" srcset=\"https:\/\/mifavorita.com.pa\/2017\/wp-content\/uploads\/2024\/11\/IMG_2475-576x1024.jpeg 576w, https:\/\/mifavorita.com.pa\/2017\/wp-content\/uploads\/2024\/11\/IMG_2475-169x300.jpeg 169w, https:\/\/mifavorita.com.pa\/2017\/wp-content\/uploads\/2024\/11\/IMG_2475-768x1365.jpeg 768w, https:\/\/mifavorita.com.pa\/2017\/wp-content\/uploads\/2024\/11\/IMG_2475-864x1536.jpeg 864w, https:\/\/mifavorita.com.pa\/2017\/wp-content\/uploads\/2024\/11\/IMG_2475-700x1244.jpeg 700w, https:\/\/mifavorita.com.pa\/2017\/wp-content\/uploads\/2024\/11\/IMG_2475-500x889.jpeg 500w, https:\/\/mifavorita.com.pa\/2017\/wp-content\/uploads\/2024\/11\/IMG_2475.jpeg 900w\" sizes=\"(max-width: 576px) 100vw, 576px\" \/><\/figure>\n\n\n\n<p>Pilar L\u00f3pez, meteor\u00f3loga, explic\u00f3 que las lluvias ser\u00e1n dispersas para sectores de Chiriqu\u00ed, por lo que se debe tener especial cuidado en estas zonas vulnerables a deslizamientos e inundaciones, as\u00ed tambi\u00e9n en el sur de Veraguas.<\/p>\n\n\n\n<p>Indic\u00f3 que, en horas de la tarde, las lluvias ser\u00e1n constantes en el \u00e1rea metropolitana de Panam\u00e1 y Panam\u00e1 Oeste, y que en la zona oriental del pa\u00eds tambi\u00e9n tendr\u00e1 eventos lluviosos con actividad el\u00e9ctrica, hasta horas de la noche.<\/p>\n\n\n\n<p>Las temperaturas no superar\u00e1n para este d\u00eda los 31 grados Celsius a nivel nacional, adem\u00e1s se advierte sobre la precauci\u00f3n ante aumento de oleajes en todo el litoral Pac\u00edfico.<\/p>\n","protected":false},"excerpt":{"rendered":"<p>Con la entrada de la Onda Tropical n\u00famero 42 al pa\u00eds, en las pr\u00f3ximas 48 a 72 horas, la inestabilidad clim\u00e1tica en todo el territorio nacional, se incrementar\u00e1 con ejes de vaguada que estar\u00e1n favoreciendo la activaci\u00f3n de sistemas de baja presi\u00f3n, lo que significar\u00e1 lluvias constantes, por ello, se ha activado un aviso de [&hellip;]<\/p>\n","protected":false},"author":6,"featured_media":14283,"comment_status":"open","ping_status":"open","sticky":false,"template":"","format":"standard","meta":{"footnotes":""},"categories":[31,1],"tags":[],"class_list":["post-14282","post","type-post","status-publish","format-standard","has-post-thumbnail","hentry","category-ciencias","category-noticias"],"_links":{"self":[{"href":"https:\/\/mifavorita.com.pa\/2017\/wp-json\/wp\/v2\/posts\/14282","targetHints":{"allow":["GET"]}}],"collection":[{"href":"https:\/\/mifavorita.com.pa\/2017\/wp-json\/wp\/v2\/posts"}],"about":[{"href":"https:\/\/mifavorita.com.pa\/2017\/wp-json\/wp\/v2\/types\/post"}],"author":[{"embeddable":true,"href":"https:\/\/mifavorita.com.pa\/2017\/wp-json\/wp\/v2\/users\/6"}],"replies":[{"embeddable":true,"href":"https:\/\/mifavorita.com.pa\/2017\/wp-json\/wp\/v2\/comments?post=14282"}],"version-history":[{"count":1,"href":"https:\/\/mifavorita.com.pa\/2017\/wp-json\/wp\/v2\/posts\/14282\/revisions"}],"predecessor-version":[{"id":14285,"href":"https:\/\/mifavorita.com.pa\/2017\/wp-json\/wp\/v2\/posts\/14282\/revisions\/14285"}],"wp:featuredmedia":[{"embeddable":true,"href":"https:\/\/mifavorita.com.pa\/2017\/wp-json\/wp\/v2\/media\/14283"}],"wp:attachment":[{"href":"https:\/\/mifavorita.com.pa\/2017\/wp-json\/wp\/v2\/media?parent=14282"}],"wp:term":[{"taxonomy":"category","embeddable":true,"href":"https:\/\/mifavorita.com.pa\/2017\/wp-json\/wp\/v2\/categories?post=14282"},{"taxonomy":"post_tag","embeddable":true,"href":"https:\/\/mifavorita.com.pa\/2017\/wp-json\/wp\/v2\/tags?post=14282"}],"curies":[{"name":"wp","href":"https:\/\/api.w.org\/{rel}","templated":true}]}}