{"id":14287,"date":"2024-11-08T20:22:30","date_gmt":"2024-11-08T20:22:30","guid":{"rendered":"https:\/\/mifavorita.com.pa\/2017\/?p=14287"},"modified":"2024-11-08T20:22:57","modified_gmt":"2024-11-08T20:22:57","slug":"la-autoridad-nacional-de-descentralizacion-and-presenta24-nuevas-denuncias-penales-por-falta-de-justificacion-en-el-uso-de-fondos","status":"publish","type":"post","link":"https:\/\/mifavorita.com.pa\/2017\/la-autoridad-nacional-de-descentralizacion-and-presenta24-nuevas-denuncias-penales-por-falta-de-justificacion-en-el-uso-de-fondos\/","title":{"rendered":"LA AUTORIDAD NACIONAL DE DESCENTRALIZACI\u00d3N (AND) PRESENTA24 NUEVAS DENUNCIAS PENALES POR FALTA DE JUSTIFICACI\u00d3N EN EL USO DE FONDOS"},"content":{"rendered":"\n<p><strong><br><br><\/strong><br><\/p>\n\n\n\n<figure class=\"wp-block-gallery has-nested-images columns-default is-cropped wp-block-gallery-1 is-layout-flex wp-block-gallery-is-layout-flex\">\n<figure class=\"wp-block-image size-large\"><img fetchpriority=\"high\" decoding=\"async\" width=\"1024\" height=\"461\" data-id=\"14288\" src=\"https:\/\/mifavorita.com.pa\/2017\/wp-content\/uploads\/2024\/11\/Imagen-de-WhatsApp-2024-11-08-a-las-15.09.29_b34cf90c-1024x461.jpg\" alt=\"\" class=\"wp-image-14288\" srcset=\"https:\/\/mifavorita.com.pa\/2017\/wp-content\/uploads\/2024\/11\/Imagen-de-WhatsApp-2024-11-08-a-las-15.09.29_b34cf90c-1024x461.jpg 1024w, https:\/\/mifavorita.com.pa\/2017\/wp-content\/uploads\/2024\/11\/Imagen-de-WhatsApp-2024-11-08-a-las-15.09.29_b34cf90c-300x135.jpg 300w, https:\/\/mifavorita.com.pa\/2017\/wp-content\/uploads\/2024\/11\/Imagen-de-WhatsApp-2024-11-08-a-las-15.09.29_b34cf90c-768x346.jpg 768w, https:\/\/mifavorita.com.pa\/2017\/wp-content\/uploads\/2024\/11\/Imagen-de-WhatsApp-2024-11-08-a-las-15.09.29_b34cf90c-1536x691.jpg 1536w, https:\/\/mifavorita.com.pa\/2017\/wp-content\/uploads\/2024\/11\/Imagen-de-WhatsApp-2024-11-08-a-las-15.09.29_b34cf90c-700x315.jpg 700w, https:\/\/mifavorita.com.pa\/2017\/wp-content\/uploads\/2024\/11\/Imagen-de-WhatsApp-2024-11-08-a-las-15.09.29_b34cf90c-500x225.jpg 500w, https:\/\/mifavorita.com.pa\/2017\/wp-content\/uploads\/2024\/11\/Imagen-de-WhatsApp-2024-11-08-a-las-15.09.29_b34cf90c.jpg 1600w\" sizes=\"(max-width: 1024px) 100vw, 1024px\" \/><\/figure>\n<\/figure>\n\n\n\n<p>La Autoridad Nacional de Descentralizaci\u00f3n present\u00f3 24 nuevas denuncias penales ante el Ministerio P\u00fablico contra diversas Juntas Comunales en todo el pa\u00eds debido al incumplimiento en la justificaci\u00f3n del uso de fondos asignados a trav\u00e9s del Programa de Desarrollo de Inter\u00e9s Social (PDIS). Estas denuncias forman parte del esfuerzo de la AND para garantizar la transparencia en la administraci\u00f3n de los recursos p\u00fablicos.<\/p>\n\n\n\n<p>Hasta la fecha, la AND ha recibido 576 informes de un total de 663, lo que representa un avance del 86.87% en la verificaci\u00f3n de la rendici\u00f3n de cuentas. Sin embargo, un grupo de Juntas Comunales y Municipios, incluidos en las 54 entidades ya denunciadas, no ha presentado ning\u00fan informe, a pesar de haber sido notificados con un plazo de 60 d\u00edas para justificar los recursos asignados.<\/p>\n\n\n\n<p>Roxana M\u00e9ndez, Directora General de la AND, expres\u00f3 que cada junta comunal ha contado con el tiempo suficiente para recabar y presentar la informaci\u00f3n requerida. \u00abConsideramos que han tenido suficiente tiempo para recabar la informaci\u00f3n necesaria, por lo que no se justifica que, a la fecha, no hayan presentado los informes solicitados. En consecuencia, hemos tomado la decisi\u00f3n de interponer las denuncias ante las autoridades correspondientes\u00bb, afirm\u00f3 M\u00e9ndez.<\/p>\n\n\n\n<p>A continuaci\u00f3n, la lista de las 24 Juntas Comunales denunciadas:<\/p>\n\n\n\n<ol class=\"wp-block-list\">\n<li>Tubual\u00e1<\/li>\n\n\n\n<li>La Miel (Las Tablas)<\/li>\n\n\n\n<li>La Trinidad (Capira)<\/li>\n\n\n\n<li>L\u00eddice (Capira)<\/li>\n\n\n\n<li>Juan D. Arosemena (Arraij\u00e1n)<\/li>\n\n\n\n<li>El Higo (San Carlos)<\/li>\n\n\n\n<li>Villa Rosario (Capira)<\/li>\n\n\n\n<li>Bisvalles (La Mesa)<\/li>\n\n\n\n<li>Chepo (Las Minas)<\/li>\n\n\n\n<li>Salamanca (Col\u00f3n)<\/li>\n\n\n\n<li>Punta Laurel (Bocas del Toro)<\/li>\n\n\n\n<li>Barrio Col\u00f3n (La Chorrera)<\/li>\n\n\n\n<li>Amelia Denis de Icaza (San Miguelito)<\/li>\n\n\n\n<li>Pacora (Panam\u00e1)<\/li>\n\n\n\n<li>Dolega (Dolega)<\/li>\n\n\n\n<li>Pinogana (Pinogana)<\/li>\n\n\n\n<li>Arosemena (La Chorrera)<\/li>\n\n\n\n<li>Ernesto C. Campos (Panam\u00e1)<\/li>\n\n\n\n<li>Barriada Guaym\u00ed (Almirante)<\/li>\n\n\n\n<li>Santiago (Santiago)<\/li>\n\n\n\n<li>Solano (Bugaba)<\/li>\n\n\n\n<li>San Francisco (Panam\u00e1)<\/li>\n\n\n\n<li>Capellan\u00eda (Nat\u00e1)<\/li>\n\n\n\n<li>Nueva Gorgona (Chame)<\/li>\n<\/ol>\n\n\n\n<figure class=\"wp-block-gallery has-nested-images columns-default is-cropped wp-block-gallery-2 is-layout-flex wp-block-gallery-is-layout-flex\">\n<figure class=\"wp-block-image size-large\"><img decoding=\"async\" width=\"735\" height=\"1024\" data-id=\"14289\" src=\"https:\/\/mifavorita.com.pa\/2017\/wp-content\/uploads\/2024\/11\/Imagen-de-WhatsApp-2024-11-08-a-las-15.12.22_d122ca14-735x1024.jpg\" alt=\"\" class=\"wp-image-14289\" srcset=\"https:\/\/mifavorita.com.pa\/2017\/wp-content\/uploads\/2024\/11\/Imagen-de-WhatsApp-2024-11-08-a-las-15.12.22_d122ca14-735x1024.jpg 735w, https:\/\/mifavorita.com.pa\/2017\/wp-content\/uploads\/2024\/11\/Imagen-de-WhatsApp-2024-11-08-a-las-15.12.22_d122ca14-215x300.jpg 215w, https:\/\/mifavorita.com.pa\/2017\/wp-content\/uploads\/2024\/11\/Imagen-de-WhatsApp-2024-11-08-a-las-15.12.22_d122ca14-768x1070.jpg 768w, https:\/\/mifavorita.com.pa\/2017\/wp-content\/uploads\/2024\/11\/Imagen-de-WhatsApp-2024-11-08-a-las-15.12.22_d122ca14-700x975.jpg 700w, https:\/\/mifavorita.com.pa\/2017\/wp-content\/uploads\/2024\/11\/Imagen-de-WhatsApp-2024-11-08-a-las-15.12.22_d122ca14-500x697.jpg 500w, https:\/\/mifavorita.com.pa\/2017\/wp-content\/uploads\/2024\/11\/Imagen-de-WhatsApp-2024-11-08-a-las-15.12.22_d122ca14.jpg 1080w\" sizes=\"(max-width: 735px) 100vw, 735px\" \/><\/figure>\n<\/figure>\n\n\n\n<p>El Gobierno Nacional, a trav\u00e9s de la AND, reafirma su compromiso en la lucha contra la corrupci\u00f3n y en la promoci\u00f3n de una gesti\u00f3n p\u00fablica m\u00e1s eficiente y responsable. Con estas acciones, se busca promover la rendici\u00f3n de cuentas y asegurar el correcto uso de los fondos p\u00fablicos en beneficio de las comunidades locales.<\/p>\n\n\n\n<p><\/p>\n","protected":false},"excerpt":{"rendered":"<p>La Autoridad Nacional de Descentralizaci\u00f3n present\u00f3 24 nuevas denuncias penales ante el Ministerio P\u00fablico contra diversas Juntas Comunales en todo el pa\u00eds debido al incumplimiento en la justificaci\u00f3n del uso de fondos asignados a trav\u00e9s del Programa de Desarrollo de Inter\u00e9s Social (PDIS). Estas denuncias forman parte del esfuerzo de la AND para garantizar la [&hellip;]<\/p>\n","protected":false},"author":7,"featured_media":14288,"comment_status":"open","ping_status":"open","sticky":false,"template":"","format":"standard","meta":{"footnotes":""},"categories":[18,1],"tags":[],"class_list":["post-14287","post","type-post","status-publish","format-standard","has-post-thumbnail","hentry","category-policiales","category-noticias"],"_links":{"self":[{"href":"https:\/\/mifavorita.com.pa\/2017\/wp-json\/wp\/v2\/posts\/14287","targetHints":{"allow":["GET"]}}],"collection":[{"href":"https:\/\/mifavorita.com.pa\/2017\/wp-json\/wp\/v2\/posts"}],"about":[{"href":"https:\/\/mifavorita.com.pa\/2017\/wp-json\/wp\/v2\/types\/post"}],"author":[{"embeddable":true,"href":"https:\/\/mifavorita.com.pa\/2017\/wp-json\/wp\/v2\/users\/7"}],"replies":[{"embeddable":true,"href":"https:\/\/mifavorita.com.pa\/2017\/wp-json\/wp\/v2\/comments?post=14287"}],"version-history":[{"count":1,"href":"https:\/\/mifavorita.com.pa\/2017\/wp-json\/wp\/v2\/posts\/14287\/revisions"}],"predecessor-version":[{"id":14290,"href":"https:\/\/mifavorita.com.pa\/2017\/wp-json\/wp\/v2\/posts\/14287\/revisions\/14290"}],"wp:featuredmedia":[{"embeddable":true,"href":"https:\/\/mifavorita.com.pa\/2017\/wp-json\/wp\/v2\/media\/14288"}],"wp:attachment":[{"href":"https:\/\/mifavorita.com.pa\/2017\/wp-json\/wp\/v2\/media?parent=14287"}],"wp:term":[{"taxonomy":"category","embeddable":true,"href":"https:\/\/mifavorita.com.pa\/2017\/wp-json\/wp\/v2\/categories?post=14287"},{"taxonomy":"post_tag","embeddable":true,"href":"https:\/\/mifavorita.com.pa\/2017\/wp-json\/wp\/v2\/tags?post=14287"}],"curies":[{"name":"wp","href":"https:\/\/api.w.org\/{rel}","templated":true}]}}