{"id":14375,"date":"2024-11-14T21:42:41","date_gmt":"2024-11-14T21:42:41","guid":{"rendered":"https:\/\/mifavorita.com.pa\/2017\/?p=14375"},"modified":"2024-11-14T21:43:17","modified_gmt":"2024-11-14T21:43:17","slug":"buscan-reducir-la-desigualdad-politica-de-las-mujeres-con-miras-en-las-proximas-reformas-del-codigo-electoral","status":"publish","type":"post","link":"https:\/\/mifavorita.com.pa\/2017\/buscan-reducir-la-desigualdad-politica-de-las-mujeres-con-miras-en-las-proximas-reformas-del-codigo-electoral\/","title":{"rendered":"BUSCAN REDUCIR LA DESIGUALDAD POL\u00cdTICA DE LAS MUJERES CON MIRAS EN LAS PR\u00d3XIMAS REFORMAS DEL C\u00d3DIGO ELECTORAL"},"content":{"rendered":"\n<p>Con miras a encontrar el camino para impulsar una propuesta integral para la Igualdad de G\u00e9nero en la Participaci\u00f3n Pol\u00edtica, se dio una primera reuni\u00f3n de consulta que busca llegar a acuerdos y promover un paquete de reformas electorales que incluya la paridad entre mujeres y hombres en los procesos electorales en el pa\u00eds.<\/p>\n\n\n\n<p>Durante el debate, &nbsp;surgi\u00f3 la necesidad de revisar y proponer medidas que garanticen&nbsp; &nbsp;la paridad pol\u00edtica, protecci\u00f3n de datos digitales, el uso de los financiamientos p\u00fablicos en igualdad, fueron algunos de los temas tratados en esta primera reuni\u00f3n consultiva en la que participaron la Ministra de la Mujer Niurka Palacios, la Magistrada Suplente Yara Campos e Itziar Gonz\u00e1lez, representante residente adjunta del Programa de las Naciones Unidas para el Desarrollo (PNUD) en Panam\u00e1.<\/p>\n\n\n\n<figure class=\"wp-block-image size-large\"><img fetchpriority=\"high\" decoding=\"async\" width=\"1024\" height=\"682\" src=\"https:\/\/mifavorita.com.pa\/2017\/wp-content\/uploads\/2024\/11\/WhatsApp-Image-2024-11-14-at-12.29.12-PM-1024x682.jpeg\" alt=\"\" class=\"wp-image-14377\" srcset=\"https:\/\/mifavorita.com.pa\/2017\/wp-content\/uploads\/2024\/11\/WhatsApp-Image-2024-11-14-at-12.29.12-PM-1024x682.jpeg 1024w, https:\/\/mifavorita.com.pa\/2017\/wp-content\/uploads\/2024\/11\/WhatsApp-Image-2024-11-14-at-12.29.12-PM-300x200.jpeg 300w, https:\/\/mifavorita.com.pa\/2017\/wp-content\/uploads\/2024\/11\/WhatsApp-Image-2024-11-14-at-12.29.12-PM-768x512.jpeg 768w, https:\/\/mifavorita.com.pa\/2017\/wp-content\/uploads\/2024\/11\/WhatsApp-Image-2024-11-14-at-12.29.12-PM-700x466.jpeg 700w, https:\/\/mifavorita.com.pa\/2017\/wp-content\/uploads\/2024\/11\/WhatsApp-Image-2024-11-14-at-12.29.12-PM-1200x800.jpeg 1200w, https:\/\/mifavorita.com.pa\/2017\/wp-content\/uploads\/2024\/11\/WhatsApp-Image-2024-11-14-at-12.29.12-PM-500x333.jpeg 500w, https:\/\/mifavorita.com.pa\/2017\/wp-content\/uploads\/2024\/11\/WhatsApp-Image-2024-11-14-at-12.29.12-PM.jpeg 1280w\" sizes=\"(max-width: 1024px) 100vw, 1024px\" \/><\/figure>\n\n\n\n<p>La ministra Palacio indic\u00f3 que estas actividades son parte fundamental de las pol\u00edticas p\u00fablicas de igualdad de oportunidades establecidas en el Decreto Ejecutivo 2 del 5 de junio de 2024 \u00abQue adopta la Pol\u00edtica P\u00fablica de Igualdad de Oportunidades para las Mujeres 2024-2034\u00bb.&nbsp;<\/p>\n\n\n\n<p>Agreg\u00f3 que con esta implementaci\u00f3n se busca alcanzar una igualdad real y sustantiva en todos los \u00e1mbitos pol\u00edticos, lo que iniciamos hoy aqu\u00ed, continuar\u00e1 en el resto del pa\u00eds, porque se trata de consultar a las actoras claves, las propias mujeres que participaron a trav\u00e9s de los partidos pol\u00edticos y la libre postulaci\u00f3n el pasado 5 de mayo.<\/p>\n\n\n\n<p>Por sus parte la Magustrada Campos se\u00f1al\u00f3 que es de importancia que se implementen pol\u00edticas y estrategias que aseguren la inclusi\u00f3n de las mujeres en los procesos electorales por ello el Tribunal Electoral ha &nbsp;estado de puertas abiertas para atender estos y todos los temas.<\/p>\n\n\n\n<figure class=\"wp-block-image size-large\"><img decoding=\"async\" width=\"1024\" height=\"682\" src=\"https:\/\/mifavorita.com.pa\/2017\/wp-content\/uploads\/2024\/11\/WhatsApp-Image-2024-11-14-at-12.27.27-PM-1024x682.jpeg\" alt=\"\" class=\"wp-image-14378\" srcset=\"https:\/\/mifavorita.com.pa\/2017\/wp-content\/uploads\/2024\/11\/WhatsApp-Image-2024-11-14-at-12.27.27-PM-1024x682.jpeg 1024w, https:\/\/mifavorita.com.pa\/2017\/wp-content\/uploads\/2024\/11\/WhatsApp-Image-2024-11-14-at-12.27.27-PM-300x200.jpeg 300w, https:\/\/mifavorita.com.pa\/2017\/wp-content\/uploads\/2024\/11\/WhatsApp-Image-2024-11-14-at-12.27.27-PM-768x512.jpeg 768w, https:\/\/mifavorita.com.pa\/2017\/wp-content\/uploads\/2024\/11\/WhatsApp-Image-2024-11-14-at-12.27.27-PM-700x466.jpeg 700w, https:\/\/mifavorita.com.pa\/2017\/wp-content\/uploads\/2024\/11\/WhatsApp-Image-2024-11-14-at-12.27.27-PM-1200x800.jpeg 1200w, https:\/\/mifavorita.com.pa\/2017\/wp-content\/uploads\/2024\/11\/WhatsApp-Image-2024-11-14-at-12.27.27-PM-500x333.jpeg 500w, https:\/\/mifavorita.com.pa\/2017\/wp-content\/uploads\/2024\/11\/WhatsApp-Image-2024-11-14-at-12.27.27-PM.jpeg 1280w\" sizes=\"(max-width: 1024px) 100vw, 1024px\" \/><\/figure>\n\n\n\n<p>Por su parte la Representante Residente Adjunta del PNUD resalt\u00f3 el respaldo del organismo internacional en la b\u00fasqueda de acuerdos para alcanzar la igualdad de oportunidades para las mujeres.<\/p>\n\n\n\n<p>Los datos estad\u00edsticos proporcionados por el Tribunal Electoral indican que en las pasadas elecciones de 2024 las mujeres representaron m\u00e1s de la mitad del Padr\u00f3n Electoral, pero en contraste, representaron menos del 20% de candidatas principales a puestos de elecci\u00f3n y apenas un 13% result\u00f3 electa, siendo adem\u00e1s las principales v\u00edctimas de violencia pol\u00edtica de g\u00e9nero y de la falta de respaldo y recursos econ\u00f3micos.<\/p>\n","protected":false},"excerpt":{"rendered":"<p>Con miras a encontrar el camino para impulsar una propuesta integral para la Igualdad de G\u00e9nero en la Participaci\u00f3n Pol\u00edtica, se dio una primera reuni\u00f3n de consulta que busca llegar a acuerdos y promover un paquete de reformas electorales que incluya la paridad entre mujeres y hombres en los procesos electorales en el pa\u00eds. Durante [&hellip;]<\/p>\n","protected":false},"author":5,"featured_media":14376,"comment_status":"open","ping_status":"open","sticky":false,"template":"","format":"standard","meta":{"footnotes":""},"categories":[1,33],"tags":[],"class_list":["post-14375","post","type-post","status-publish","format-standard","has-post-thumbnail","hentry","category-noticias","category-politica"],"_links":{"self":[{"href":"https:\/\/mifavorita.com.pa\/2017\/wp-json\/wp\/v2\/posts\/14375","targetHints":{"allow":["GET"]}}],"collection":[{"href":"https:\/\/mifavorita.com.pa\/2017\/wp-json\/wp\/v2\/posts"}],"about":[{"href":"https:\/\/mifavorita.com.pa\/2017\/wp-json\/wp\/v2\/types\/post"}],"author":[{"embeddable":true,"href":"https:\/\/mifavorita.com.pa\/2017\/wp-json\/wp\/v2\/users\/5"}],"replies":[{"embeddable":true,"href":"https:\/\/mifavorita.com.pa\/2017\/wp-json\/wp\/v2\/comments?post=14375"}],"version-history":[{"count":1,"href":"https:\/\/mifavorita.com.pa\/2017\/wp-json\/wp\/v2\/posts\/14375\/revisions"}],"predecessor-version":[{"id":14379,"href":"https:\/\/mifavorita.com.pa\/2017\/wp-json\/wp\/v2\/posts\/14375\/revisions\/14379"}],"wp:featuredmedia":[{"embeddable":true,"href":"https:\/\/mifavorita.com.pa\/2017\/wp-json\/wp\/v2\/media\/14376"}],"wp:attachment":[{"href":"https:\/\/mifavorita.com.pa\/2017\/wp-json\/wp\/v2\/media?parent=14375"}],"wp:term":[{"taxonomy":"category","embeddable":true,"href":"https:\/\/mifavorita.com.pa\/2017\/wp-json\/wp\/v2\/categories?post=14375"},{"taxonomy":"post_tag","embeddable":true,"href":"https:\/\/mifavorita.com.pa\/2017\/wp-json\/wp\/v2\/tags?post=14375"}],"curies":[{"name":"wp","href":"https:\/\/api.w.org\/{rel}","templated":true}]}}