{"id":14384,"date":"2024-11-15T19:13:08","date_gmt":"2024-11-15T19:13:08","guid":{"rendered":"https:\/\/mifavorita.com.pa\/2017\/?p=14384"},"modified":"2024-11-15T19:13:45","modified_gmt":"2024-11-15T19:13:45","slug":"periodistas-de-cocle-y-veraguas-participan-de-seminario-sobre-cobertura-del-spa","status":"publish","type":"post","link":"https:\/\/mifavorita.com.pa\/2017\/periodistas-de-cocle-y-veraguas-participan-de-seminario-sobre-cobertura-del-spa\/","title":{"rendered":"PERIODISTAS DE COCL\u00c9 Y VERAGUAS PARTICIPAN DE SEMINARIO SOBRE COBERTURA DEL SPA"},"content":{"rendered":"\n<p>Periodistas de las provincias de Cocl\u00e9 y Veraguas participaron del seminario-taller \u201cManejo de la Informaci\u00f3n Period\u00edstica en el Sistema Penal Acusatorio\u201d (SPA), organizado por el \u00d3rgano Judicial con el objetivo de capacitarlos en el uso adecuado de la terminolog\u00eda jur\u00eddica del SPA en la redacci\u00f3n y expresi\u00f3n de temas judiciales.<\/p>\n\n\n\n<p>Durante la jornada, se abordaron diversos temas encaminados a dotar a los periodistas y estudiantes de periodismo de las herramientas necesarias para una cobertura eficaz y precisa de los procesos judiciales en el SPA.<\/p>\n\n\n\n<p>El magistrado del Tribunal Superior de Apelaciones, Samir Tejeira, disert\u00f3 sobre \u00abAspectos Generales del Sistema Penal Acusatorio\u00bb, donde detall\u00f3 la denominaci\u00f3n del investigado seg\u00fan la fase procesal y explic\u00f3 los principios procesales y m\u00e9todos alternativos de resoluci\u00f3n de conflictos.<\/p>\n\n\n\n<figure class=\"wp-block-image size-large\"><img fetchpriority=\"high\" decoding=\"async\" width=\"1024\" height=\"625\" src=\"https:\/\/mifavorita.com.pa\/2017\/wp-content\/uploads\/2024\/11\/GcYSgxDXsAAIoz9-1024x625.jpeg\" alt=\"\" class=\"wp-image-14386\" srcset=\"https:\/\/mifavorita.com.pa\/2017\/wp-content\/uploads\/2024\/11\/GcYSgxDXsAAIoz9-1024x625.jpeg 1024w, https:\/\/mifavorita.com.pa\/2017\/wp-content\/uploads\/2024\/11\/GcYSgxDXsAAIoz9-300x183.jpeg 300w, https:\/\/mifavorita.com.pa\/2017\/wp-content\/uploads\/2024\/11\/GcYSgxDXsAAIoz9-768x469.jpeg 768w, https:\/\/mifavorita.com.pa\/2017\/wp-content\/uploads\/2024\/11\/GcYSgxDXsAAIoz9-1536x938.jpeg 1536w, https:\/\/mifavorita.com.pa\/2017\/wp-content\/uploads\/2024\/11\/GcYSgxDXsAAIoz9-700x427.jpeg 700w, https:\/\/mifavorita.com.pa\/2017\/wp-content\/uploads\/2024\/11\/GcYSgxDXsAAIoz9-500x305.jpeg 500w, https:\/\/mifavorita.com.pa\/2017\/wp-content\/uploads\/2024\/11\/GcYSgxDXsAAIoz9.jpeg 1600w\" sizes=\"(max-width: 1024px) 100vw, 1024px\" \/><\/figure>\n\n\n\n<p>Por su parte, el magistrado del Tribunal Superior de Apelaciones, Mauricio Mar\u00edn, expuso sobre los \u00abTribunales en el SPA\u00bb, con temas como las medidas cautelares, la publicidad y sus reservas, resaltando la importancia de estos elementos en la administraci\u00f3n de justicia.<\/p>\n\n\n\n<p>La licenciada Florelia Bonilla de Cruz, jueza del Tribunal de Juicio Oral, habl\u00f3 sobre los \u00abAcuerdos de Pena\u00bb, y el licenciado Jos\u00e9 Juli\u00e1n P\u00e9rez, coordinador de la Oficina de Defensa de V\u00edctimas del Delito en Cocl\u00e9, se refiri\u00f3 a \u00abLos Derechos de la V\u00edctima\u00bb, resaltando su importancia en las fases del proceso penal.<\/p>\n\n\n\n<p>El evento fue inaugurado por el magistrado presidente del Tribunal Superior del Segundo Distrito Judicial, Juan Francisco Castillo Canto, quien destac\u00f3 la crucial labor de los periodistas como investigadores y comunicadores de informaci\u00f3n objetiva y de inter\u00e9s general.<\/p>\n\n\n\n<p>\u201cLos periodistas desempe\u00f1an un papel vital en nuestra sociedad, ya que son los encargados de llevar la verdad a la ciudadan\u00eda y mantenerla informada sobre asuntos de gran relevancia\u201d, expres\u00f3 el magistrado Castillo Canto.<\/p>\n\n\n\n<figure class=\"wp-block-image size-large\"><img decoding=\"async\" width=\"1024\" height=\"676\" src=\"https:\/\/mifavorita.com.pa\/2017\/wp-content\/uploads\/2024\/11\/GcYSgxEXEAA8Qnv-1024x676.jpeg\" alt=\"\" class=\"wp-image-14387\" srcset=\"https:\/\/mifavorita.com.pa\/2017\/wp-content\/uploads\/2024\/11\/GcYSgxEXEAA8Qnv-1024x676.jpeg 1024w, https:\/\/mifavorita.com.pa\/2017\/wp-content\/uploads\/2024\/11\/GcYSgxEXEAA8Qnv-300x198.jpeg 300w, https:\/\/mifavorita.com.pa\/2017\/wp-content\/uploads\/2024\/11\/GcYSgxEXEAA8Qnv-768x507.jpeg 768w, https:\/\/mifavorita.com.pa\/2017\/wp-content\/uploads\/2024\/11\/GcYSgxEXEAA8Qnv-1536x1014.jpeg 1536w, https:\/\/mifavorita.com.pa\/2017\/wp-content\/uploads\/2024\/11\/GcYSgxEXEAA8Qnv-700x462.jpeg 700w, https:\/\/mifavorita.com.pa\/2017\/wp-content\/uploads\/2024\/11\/GcYSgxEXEAA8Qnv-500x330.jpeg 500w, https:\/\/mifavorita.com.pa\/2017\/wp-content\/uploads\/2024\/11\/GcYSgxEXEAA8Qnv.jpeg 1600w\" sizes=\"(max-width: 1024px) 100vw, 1024px\" \/><\/figure>\n\n\n\n<p>La jornada concluy\u00f3 con un recorrido por las instalaciones de la Unidad Judicial de Penonom\u00e9, donde los participantes pudieron conocer las salas de los tribunales de juicio oral, de apelaciones y de garant\u00edas, as\u00ed como la Oficina Judicial, el Juzgado Seccional de Familia, la biblioteca y la Oficina de Prensa de Cocl\u00e9.&nbsp;&nbsp;<\/p>\n","protected":false},"excerpt":{"rendered":"<p>Periodistas de las provincias de Cocl\u00e9 y Veraguas participaron del seminario-taller \u201cManejo de la Informaci\u00f3n Period\u00edstica en el Sistema Penal Acusatorio\u201d (SPA), organizado por el \u00d3rgano Judicial con el objetivo de capacitarlos en el uso adecuado de la terminolog\u00eda jur\u00eddica del SPA en la redacci\u00f3n y expresi\u00f3n de temas judiciales. Durante la jornada, se abordaron [&hellip;]<\/p>\n","protected":false},"author":5,"featured_media":14385,"comment_status":"open","ping_status":"open","sticky":false,"template":"","format":"standard","meta":{"footnotes":""},"categories":[17,1],"tags":[],"class_list":["post-14384","post","type-post","status-publish","format-standard","has-post-thumbnail","hentry","category-comunitaria","category-noticias"],"_links":{"self":[{"href":"https:\/\/mifavorita.com.pa\/2017\/wp-json\/wp\/v2\/posts\/14384","targetHints":{"allow":["GET"]}}],"collection":[{"href":"https:\/\/mifavorita.com.pa\/2017\/wp-json\/wp\/v2\/posts"}],"about":[{"href":"https:\/\/mifavorita.com.pa\/2017\/wp-json\/wp\/v2\/types\/post"}],"author":[{"embeddable":true,"href":"https:\/\/mifavorita.com.pa\/2017\/wp-json\/wp\/v2\/users\/5"}],"replies":[{"embeddable":true,"href":"https:\/\/mifavorita.com.pa\/2017\/wp-json\/wp\/v2\/comments?post=14384"}],"version-history":[{"count":1,"href":"https:\/\/mifavorita.com.pa\/2017\/wp-json\/wp\/v2\/posts\/14384\/revisions"}],"predecessor-version":[{"id":14388,"href":"https:\/\/mifavorita.com.pa\/2017\/wp-json\/wp\/v2\/posts\/14384\/revisions\/14388"}],"wp:featuredmedia":[{"embeddable":true,"href":"https:\/\/mifavorita.com.pa\/2017\/wp-json\/wp\/v2\/media\/14385"}],"wp:attachment":[{"href":"https:\/\/mifavorita.com.pa\/2017\/wp-json\/wp\/v2\/media?parent=14384"}],"wp:term":[{"taxonomy":"category","embeddable":true,"href":"https:\/\/mifavorita.com.pa\/2017\/wp-json\/wp\/v2\/categories?post=14384"},{"taxonomy":"post_tag","embeddable":true,"href":"https:\/\/mifavorita.com.pa\/2017\/wp-json\/wp\/v2\/tags?post=14384"}],"curies":[{"name":"wp","href":"https:\/\/api.w.org\/{rel}","templated":true}]}}