{"id":14495,"date":"2024-11-22T19:58:04","date_gmt":"2024-11-22T19:58:04","guid":{"rendered":"https:\/\/mifavorita.com.pa\/2017\/?p=14495"},"modified":"2024-11-27T15:20:04","modified_gmt":"2024-11-27T15:20:04","slug":"realizan-mesa-agroclimatica-numero-20-en-cocle-impha-oriento-a-productores-para-que-tomen-medidas-preventivas-en-sus-rubros","status":"publish","type":"post","link":"https:\/\/mifavorita.com.pa\/2017\/realizan-mesa-agroclimatica-numero-20-en-cocle-impha-oriento-a-productores-para-que-tomen-medidas-preventivas-en-sus-rubros\/","title":{"rendered":"REALIZAN MESA AGROCLIM\u00c1TICA N\u00daMERO 20 EN COCL\u00c9, IMPHA ORIENT\u00d3 A PRODUCTORES PARA QUE TOMEN MEDIDAS PREVENTIVAS EN SUS RUBROS"},"content":{"rendered":"\n<p>Para dar a conocer los efectos de las \u00faltimas lluvias sobre la producci\u00f3n agropecuaria en la provincia de Cocl\u00e9 y explicar a los productores el pron\u00f3stico clim\u00e1tico de los pr\u00f3ximos meses, se realiz\u00f3 la Mesa T\u00e9cnica Agro clim\u00e1tica n\u00famero 20, con la participaci\u00f3n del Instituto de Meteorolog\u00eda e Hidrolog\u00eda de Panam\u00e1 este viernes 22 de noviembre, con pron\u00f3sticos desde diciembre de 2024 hasta marzo de 2025.<\/p>\n\n\n\n<p>Virgilio Salazar, Coordinador Nacional de las Mesas T\u00e9cnicas, explic\u00f3 que el objetivo de estas mesas es analizar la informaci\u00f3n clim\u00e1tica para generar recomendaciones en funci\u00f3n de los rubros que se priorizan para cada periodo, ya que la idea es reducir los posibles impactos a consecuencia de la variabilidad clim\u00e1tica que pueden causar afectaciones econ\u00f3micas, principalmente a peque\u00f1os productores en las 10 provincias del pa\u00eds.<\/p>\n\n\n\n<figure class=\"wp-block-image size-large\"><img fetchpriority=\"high\" decoding=\"async\" width=\"1024\" height=\"550\" src=\"https:\/\/mifavorita.com.pa\/2017\/wp-content\/uploads\/2024\/11\/IMG_3010-1024x550.jpeg\" alt=\"\" class=\"wp-image-14497\" srcset=\"https:\/\/mifavorita.com.pa\/2017\/wp-content\/uploads\/2024\/11\/IMG_3010-1024x550.jpeg 1024w, https:\/\/mifavorita.com.pa\/2017\/wp-content\/uploads\/2024\/11\/IMG_3010-300x161.jpeg 300w, https:\/\/mifavorita.com.pa\/2017\/wp-content\/uploads\/2024\/11\/IMG_3010-768x412.jpeg 768w, https:\/\/mifavorita.com.pa\/2017\/wp-content\/uploads\/2024\/11\/IMG_3010-700x376.jpeg 700w, https:\/\/mifavorita.com.pa\/2017\/wp-content\/uploads\/2024\/11\/IMG_3010-500x268.jpeg 500w, https:\/\/mifavorita.com.pa\/2017\/wp-content\/uploads\/2024\/11\/IMG_3010.jpeg 1170w\" sizes=\"(max-width: 1024px) 100vw, 1024px\" \/><figcaption class=\"wp-element-caption\">Virgilio Salazar, Coordinador Nacional de Mesas Agro Clim\u00e1ticas y Floricel Rodr\u00edguez, Coordinadora de la UACC<\/figcaption><\/figure>\n\n\n\n<p>Floricel Rodr\u00edguez, Coordinadora de la Unidad Agro Clim\u00e1tica del MIDA en Cocl\u00e9, dijo que a trav\u00e9s de estas mesas se generan los boletines agroclim\u00e1ticos, que servir\u00e1n de herramienta de planificaci\u00f3n al productor. Los boletines se encuentran en la p\u00e1gina web del Ministerio de Desarrollo Agropecuario, redes sociales y en cada evento.<\/p>\n\n\n\n<p>La coordinadora tambi\u00e9n invit\u00f3 a los productores e interesados a que acudan a las mesas, que se re\u00fanen cada 3 o 4 meses, para que aporten y tambi\u00e9n obtengan conocimientos.<\/p>\n\n\n\n<p>Por su parte, Vianka Ben\u00edtez, analista meteor\u00f3loga se\u00f1al\u00f3 que la variabilidad clim\u00e1tica es uno de los problemas del sector agro, por lo que es importante brindar la informaci\u00f3n a los productores de manera oportuna y as\u00ed tomen decisiones.<\/p>\n\n\n\n<figure class=\"wp-block-image size-large\"><img decoding=\"async\" width=\"1024\" height=\"551\" src=\"https:\/\/mifavorita.com.pa\/2017\/wp-content\/uploads\/2024\/11\/IMG_3009-1024x551.jpeg\" alt=\"\" class=\"wp-image-14498\" srcset=\"https:\/\/mifavorita.com.pa\/2017\/wp-content\/uploads\/2024\/11\/IMG_3009-1024x551.jpeg 1024w, https:\/\/mifavorita.com.pa\/2017\/wp-content\/uploads\/2024\/11\/IMG_3009-300x161.jpeg 300w, https:\/\/mifavorita.com.pa\/2017\/wp-content\/uploads\/2024\/11\/IMG_3009-768x413.jpeg 768w, https:\/\/mifavorita.com.pa\/2017\/wp-content\/uploads\/2024\/11\/IMG_3009-700x376.jpeg 700w, https:\/\/mifavorita.com.pa\/2017\/wp-content\/uploads\/2024\/11\/IMG_3009-500x269.jpeg 500w, https:\/\/mifavorita.com.pa\/2017\/wp-content\/uploads\/2024\/11\/IMG_3009.jpeg 1170w\" sizes=\"(max-width: 1024px) 100vw, 1024px\" \/><figcaption class=\"wp-element-caption\">Vianka Ben\u00edtez, analista meteor\u00f3loga del IMPHA <\/figcaption><\/figure>\n\n\n\n<p>Tambi\u00e9n, la meteor\u00f3loga indic\u00f3 que se pronostica un aumento en las precipitaciones en la provincia de Cocl\u00e9 en un 40%, sobre todo en diciembre, y que, a su vez, es un mes de transici\u00f3n a la temporada seca, pero que ser\u00e1 m\u00e1s tarde de lo normal, hasta mediados de enero, con lluvias puntuales por frentes fr\u00edos. El \u00e1rea norte de la provincia, es la que tendr\u00e1 mayor cantidad de acumulados de lluvias, sobre todo en diciembre del 2024 y marzo del 2025.<\/p>\n\n\n\n<p>Estas mesas buscan crear un intercambio entre expertos, productores, estudiantes y docentes para analizar la actualidad de este sector. Aproximadamente m\u00e1s de 20 mil productores han participado en las 112 mesas t\u00e9cnicas que se han llevado a cabo a nivel nacional hasta el momento.<\/p>\n","protected":false},"excerpt":{"rendered":"<p>Para dar a conocer los efectos de las \u00faltimas lluvias sobre la producci\u00f3n agropecuaria en la provincia de Cocl\u00e9 y explicar a los productores el pron\u00f3stico clim\u00e1tico de los pr\u00f3ximos meses, se realiz\u00f3 la Mesa T\u00e9cnica Agro clim\u00e1tica n\u00famero 20, con la participaci\u00f3n del Instituto de Meteorolog\u00eda e Hidrolog\u00eda de Panam\u00e1 este viernes 22 de [&hellip;]<\/p>\n","protected":false},"author":6,"featured_media":14496,"comment_status":"open","ping_status":"open","sticky":false,"template":"","format":"standard","meta":{"footnotes":""},"categories":[29,1],"tags":[],"class_list":["post-14495","post","type-post","status-publish","format-standard","has-post-thumbnail","hentry","category-agro-negocios","category-noticias"],"_links":{"self":[{"href":"https:\/\/mifavorita.com.pa\/2017\/wp-json\/wp\/v2\/posts\/14495","targetHints":{"allow":["GET"]}}],"collection":[{"href":"https:\/\/mifavorita.com.pa\/2017\/wp-json\/wp\/v2\/posts"}],"about":[{"href":"https:\/\/mifavorita.com.pa\/2017\/wp-json\/wp\/v2\/types\/post"}],"author":[{"embeddable":true,"href":"https:\/\/mifavorita.com.pa\/2017\/wp-json\/wp\/v2\/users\/6"}],"replies":[{"embeddable":true,"href":"https:\/\/mifavorita.com.pa\/2017\/wp-json\/wp\/v2\/comments?post=14495"}],"version-history":[{"count":1,"href":"https:\/\/mifavorita.com.pa\/2017\/wp-json\/wp\/v2\/posts\/14495\/revisions"}],"predecessor-version":[{"id":14499,"href":"https:\/\/mifavorita.com.pa\/2017\/wp-json\/wp\/v2\/posts\/14495\/revisions\/14499"}],"wp:featuredmedia":[{"embeddable":true,"href":"https:\/\/mifavorita.com.pa\/2017\/wp-json\/wp\/v2\/media\/14496"}],"wp:attachment":[{"href":"https:\/\/mifavorita.com.pa\/2017\/wp-json\/wp\/v2\/media?parent=14495"}],"wp:term":[{"taxonomy":"category","embeddable":true,"href":"https:\/\/mifavorita.com.pa\/2017\/wp-json\/wp\/v2\/categories?post=14495"},{"taxonomy":"post_tag","embeddable":true,"href":"https:\/\/mifavorita.com.pa\/2017\/wp-json\/wp\/v2\/tags?post=14495"}],"curies":[{"name":"wp","href":"https:\/\/api.w.org\/{rel}","templated":true}]}}