{"id":14500,"date":"2024-11-22T20:41:04","date_gmt":"2024-11-22T20:41:04","guid":{"rendered":"https:\/\/mifavorita.com.pa\/2017\/?p=14500"},"modified":"2024-11-27T15:19:52","modified_gmt":"2024-11-27T15:19:52","slug":"programa-mi-primera-luminaria-entrego-luminarias-con-paneles-solares-a-escuela-de-el-chumical-y-otros-sectores-de-anton","status":"publish","type":"post","link":"https:\/\/mifavorita.com.pa\/2017\/programa-mi-primera-luminaria-entrego-luminarias-con-paneles-solares-a-escuela-de-el-chumical-y-otros-sectores-de-anton\/","title":{"rendered":"PROGRAMA MI PRIMERA LUMINARIA ENTREG\u00d3 LUMINARIAS CON PANELES SOLARES A ESCUELA DE EL CHUMICAL Y OTROS SECTORES DE ANT\u00d3N"},"content":{"rendered":"\n<p>Como parte del avance del programa \u201cMi Primera Luminaria\u201d que se lleva a cabo como plan piloto en la provincia de Cocl\u00e9 de la Oficina de Electrificaci\u00f3n rural del Ministerio de Obras P\u00fablicas, fueron entregadas una serie de luminarias a base de energ\u00eda solar en la Escuela El Chumical en Ant\u00f3n, as\u00ed como tambi\u00e9n en otros sectores apartados del corregimiento de San Juan de Dios.<\/p>\n\n\n\n<p>Antonio Clement, director nacional de Electrificaci\u00f3n Rural, explic\u00f3 que este programa parte de la observaci\u00f3n de la necesidad que tienen sectores del pa\u00eds de iluminaci\u00f3n, sobre todo en horas de la noche, para que puedan realizar m\u00e1s actividades, y por mayor seguridad.<\/p>\n\n\n\n<p>Clement dijo adem\u00e1s que la medida que vaya entrando dinero se ir\u00e1 avanzando hacia otras provincias, ya que actualmente estaban trabajando con los pocos fondos exist\u00edan, los cuales provienen de pagos de compa\u00f1\u00edas del sector el\u00e9ctrico que les corresponde por ley. <\/p>\n\n\n\n<figure class=\"wp-block-image size-large\"><img fetchpriority=\"high\" decoding=\"async\" width=\"1024\" height=\"576\" src=\"https:\/\/mifavorita.com.pa\/2017\/wp-content\/uploads\/2024\/11\/IMG_2983-1024x576.jpg\" alt=\"\" class=\"wp-image-14503\" srcset=\"https:\/\/mifavorita.com.pa\/2017\/wp-content\/uploads\/2024\/11\/IMG_2983-1024x576.jpg 1024w, https:\/\/mifavorita.com.pa\/2017\/wp-content\/uploads\/2024\/11\/IMG_2983-300x169.jpg 300w, https:\/\/mifavorita.com.pa\/2017\/wp-content\/uploads\/2024\/11\/IMG_2983-768x432.jpg 768w, https:\/\/mifavorita.com.pa\/2017\/wp-content\/uploads\/2024\/11\/IMG_2983-1536x864.jpg 1536w, https:\/\/mifavorita.com.pa\/2017\/wp-content\/uploads\/2024\/11\/IMG_2983-2048x1152.jpg 2048w, https:\/\/mifavorita.com.pa\/2017\/wp-content\/uploads\/2024\/11\/IMG_2983-700x394.jpg 700w, https:\/\/mifavorita.com.pa\/2017\/wp-content\/uploads\/2024\/11\/IMG_2983-500x281.jpg 500w\" sizes=\"(max-width: 1024px) 100vw, 1024px\" \/><\/figure>\n\n\n\n<p>Por su parte, Tom\u00e1s Ortega, director del Centro Educativo Multigrado El Chumical, dijo que est\u00e1 agradecido por ser tomados en cuenta para este proyecto que permite una mayor vistosidad y seguridad al centro, tomando en cuenta que tiene una matr\u00edcula de 51 estudiantes y 3 docentes de diversos niveles primarios.<\/p>\n\n\n\n<p>V\u00edctor Ara\u00faz, beneficiario del sector de Santa Elena, mencion\u00f3 que siempre hab\u00edan estado olvidados en su sector, por lo que ahora su casa y la de otras 5 familias tienen luminarias para que todas las noches puedan ser utilizadas, por lo que ahora tambi\u00e9n podr\u00e1n conectar algunos pocos electrodom\u00e9sticos.<\/p>\n\n\n\n<figure class=\"wp-block-image size-large\"><img decoding=\"async\" width=\"2347\" height=\"1320\" src=\"https:\/\/mifavorita.com.pa\/2017\/wp-content\/uploads\/2024\/11\/IMG_2986-1-edited.jpg\" alt=\"\" class=\"wp-image-14505\" srcset=\"https:\/\/mifavorita.com.pa\/2017\/wp-content\/uploads\/2024\/11\/IMG_2986-1-edited.jpg 2347w, https:\/\/mifavorita.com.pa\/2017\/wp-content\/uploads\/2024\/11\/IMG_2986-1-edited-300x169.jpg 300w, https:\/\/mifavorita.com.pa\/2017\/wp-content\/uploads\/2024\/11\/IMG_2986-1-edited-1024x576.jpg 1024w, https:\/\/mifavorita.com.pa\/2017\/wp-content\/uploads\/2024\/11\/IMG_2986-1-edited-768x432.jpg 768w, https:\/\/mifavorita.com.pa\/2017\/wp-content\/uploads\/2024\/11\/IMG_2986-1-edited-1536x864.jpg 1536w, https:\/\/mifavorita.com.pa\/2017\/wp-content\/uploads\/2024\/11\/IMG_2986-1-edited-2048x1152.jpg 2048w, https:\/\/mifavorita.com.pa\/2017\/wp-content\/uploads\/2024\/11\/IMG_2986-1-edited-700x394.jpg 700w, https:\/\/mifavorita.com.pa\/2017\/wp-content\/uploads\/2024\/11\/IMG_2986-1-edited-500x281.jpg 500w\" sizes=\"(max-width: 2347px) 100vw, 2347px\" \/><\/figure>\n\n\n\n<p>Son varias las comunidades de la provincia de Cocl\u00e9 que est\u00e1n siendo incluidas en el programa mi primera luminaria, as\u00ed tambi\u00e9n de otras partes del pa\u00eds.<\/p>\n","protected":false},"excerpt":{"rendered":"<p>Como parte del avance del programa \u201cMi Primera Luminaria\u201d que se lleva a cabo como plan piloto en la provincia de Cocl\u00e9 de la Oficina de Electrificaci\u00f3n rural del Ministerio de Obras P\u00fablicas, fueron entregadas una serie de luminarias a base de energ\u00eda solar en la Escuela El Chumical en Ant\u00f3n, as\u00ed como tambi\u00e9n en [&hellip;]<\/p>\n","protected":false},"author":6,"featured_media":14501,"comment_status":"open","ping_status":"open","sticky":false,"template":"","format":"standard","meta":{"footnotes":""},"categories":[17,1],"tags":[],"class_list":["post-14500","post","type-post","status-publish","format-standard","has-post-thumbnail","hentry","category-comunitaria","category-noticias"],"_links":{"self":[{"href":"https:\/\/mifavorita.com.pa\/2017\/wp-json\/wp\/v2\/posts\/14500","targetHints":{"allow":["GET"]}}],"collection":[{"href":"https:\/\/mifavorita.com.pa\/2017\/wp-json\/wp\/v2\/posts"}],"about":[{"href":"https:\/\/mifavorita.com.pa\/2017\/wp-json\/wp\/v2\/types\/post"}],"author":[{"embeddable":true,"href":"https:\/\/mifavorita.com.pa\/2017\/wp-json\/wp\/v2\/users\/6"}],"replies":[{"embeddable":true,"href":"https:\/\/mifavorita.com.pa\/2017\/wp-json\/wp\/v2\/comments?post=14500"}],"version-history":[{"count":1,"href":"https:\/\/mifavorita.com.pa\/2017\/wp-json\/wp\/v2\/posts\/14500\/revisions"}],"predecessor-version":[{"id":14506,"href":"https:\/\/mifavorita.com.pa\/2017\/wp-json\/wp\/v2\/posts\/14500\/revisions\/14506"}],"wp:featuredmedia":[{"embeddable":true,"href":"https:\/\/mifavorita.com.pa\/2017\/wp-json\/wp\/v2\/media\/14501"}],"wp:attachment":[{"href":"https:\/\/mifavorita.com.pa\/2017\/wp-json\/wp\/v2\/media?parent=14500"}],"wp:term":[{"taxonomy":"category","embeddable":true,"href":"https:\/\/mifavorita.com.pa\/2017\/wp-json\/wp\/v2\/categories?post=14500"},{"taxonomy":"post_tag","embeddable":true,"href":"https:\/\/mifavorita.com.pa\/2017\/wp-json\/wp\/v2\/tags?post=14500"}],"curies":[{"name":"wp","href":"https:\/\/api.w.org\/{rel}","templated":true}]}}