{"id":14507,"date":"2024-11-23T15:05:07","date_gmt":"2024-11-23T15:05:07","guid":{"rendered":"https:\/\/mifavorita.com.pa\/2017\/?p=14507"},"modified":"2024-11-27T15:19:59","modified_gmt":"2024-11-27T15:19:59","slug":"privados-de-libertad-levantan-huelga-de-hambre-en-carcel-publica-de-penonome","status":"publish","type":"post","link":"https:\/\/mifavorita.com.pa\/2017\/privados-de-libertad-levantan-huelga-de-hambre-en-carcel-publica-de-penonome\/","title":{"rendered":"PRIVADOS DE LIBERTAD LEVANTAN HUELGA DE HAMBRE EN CARCEL P\u00daBLICA DE PENONOM\u00c9"},"content":{"rendered":"\n<figure class=\"wp-block-image size-full\"><img fetchpriority=\"high\" decoding=\"async\" width=\"848\" height=\"480\" src=\"https:\/\/mifavorita.com.pa\/2017\/wp-content\/uploads\/2024\/11\/carcel-1.jpg\" alt=\"\" class=\"wp-image-14508\" srcset=\"https:\/\/mifavorita.com.pa\/2017\/wp-content\/uploads\/2024\/11\/carcel-1.jpg 848w, https:\/\/mifavorita.com.pa\/2017\/wp-content\/uploads\/2024\/11\/carcel-1-300x170.jpg 300w, https:\/\/mifavorita.com.pa\/2017\/wp-content\/uploads\/2024\/11\/carcel-1-768x435.jpg 768w, https:\/\/mifavorita.com.pa\/2017\/wp-content\/uploads\/2024\/11\/carcel-1-700x396.jpg 700w, https:\/\/mifavorita.com.pa\/2017\/wp-content\/uploads\/2024\/11\/carcel-1-500x283.jpg 500w\" sizes=\"(max-width: 848px) 100vw, 848px\" \/><\/figure>\n\n\n\n<p>Tras tres d\u00edas de huelga de no ingesta de alimentos, los privados de libertad de la c\u00e1rcel p\u00fablica de Penonom\u00e9 suspendieron su medida de protesta al llegar a acuerdos con las autoridades judiciales y del Ministerio P\u00fablico en una reuni\u00f3n efectuada este viernes 22 de noviembre, encabezada por el juez de cumplimiento, Domingo Montenegro y en donde participaron representantes de las celdas de la prisi\u00f3n <\/p>\n\n\n\n<figure class=\"wp-block-image size-full\"><img decoding=\"async\" width=\"848\" height=\"480\" src=\"https:\/\/mifavorita.com.pa\/2017\/wp-content\/uploads\/2024\/11\/carcel.jpg\" alt=\"\" class=\"wp-image-14509\" srcset=\"https:\/\/mifavorita.com.pa\/2017\/wp-content\/uploads\/2024\/11\/carcel.jpg 848w, https:\/\/mifavorita.com.pa\/2017\/wp-content\/uploads\/2024\/11\/carcel-300x170.jpg 300w, https:\/\/mifavorita.com.pa\/2017\/wp-content\/uploads\/2024\/11\/carcel-768x435.jpg 768w, https:\/\/mifavorita.com.pa\/2017\/wp-content\/uploads\/2024\/11\/carcel-700x396.jpg 700w, https:\/\/mifavorita.com.pa\/2017\/wp-content\/uploads\/2024\/11\/carcel-500x283.jpg 500w\" sizes=\"(max-width: 848px) 100vw, 848px\" \/><\/figure>\n\n\n\n<p>Los internos estuvieron denunciando hacinamiento extremo, malos tratos por parte de la directora del penal y retrasos en los procesos de resocializaci\u00f3n, lo que consideran contrario a la gesti\u00f3n de directores anteriores, pidiendo adem\u00e1s su destituci\u00f3n o traslado del penal.<\/p>\n\n\n\n<figure class=\"wp-block-image size-full\"><img decoding=\"async\" width=\"480\" height=\"640\" src=\"https:\/\/mifavorita.com.pa\/2017\/wp-content\/uploads\/2024\/11\/carcel4.jpg\" alt=\"\" class=\"wp-image-14510\" srcset=\"https:\/\/mifavorita.com.pa\/2017\/wp-content\/uploads\/2024\/11\/carcel4.jpg 480w, https:\/\/mifavorita.com.pa\/2017\/wp-content\/uploads\/2024\/11\/carcel4-225x300.jpg 225w\" sizes=\"(max-width: 480px) 100vw, 480px\" \/><\/figure>\n\n\n\n<p>El penal, dise\u00f1ado para 150 personas, alberga actualmente a m\u00e1s de 630 reclusos, situaci\u00f3n que genera condiciones inhumanas. Los internos pidieron que se detengan los traslados a otros centros fuera de la provincia para no afectar la cercan\u00eda con sus familiares. Como alternativa, propusieron limitar los nuevos ingresos y estudiar opciones para ampliar o reubicar la c\u00e1rcel.<\/p>\n\n\n\n<figure class=\"wp-block-image size-full\"><img loading=\"lazy\" decoding=\"async\" width=\"848\" height=\"480\" src=\"https:\/\/mifavorita.com.pa\/2017\/wp-content\/uploads\/2024\/11\/carcel2.jpg\" alt=\"\" class=\"wp-image-14511\" srcset=\"https:\/\/mifavorita.com.pa\/2017\/wp-content\/uploads\/2024\/11\/carcel2.jpg 848w, https:\/\/mifavorita.com.pa\/2017\/wp-content\/uploads\/2024\/11\/carcel2-300x170.jpg 300w, https:\/\/mifavorita.com.pa\/2017\/wp-content\/uploads\/2024\/11\/carcel2-768x435.jpg 768w, https:\/\/mifavorita.com.pa\/2017\/wp-content\/uploads\/2024\/11\/carcel2-700x396.jpg 700w, https:\/\/mifavorita.com.pa\/2017\/wp-content\/uploads\/2024\/11\/carcel2-500x283.jpg 500w\" sizes=\"(max-width: 848px) 100vw, 848px\" \/><\/figure>\n\n\n\n<p>Tras la reuni\u00f3n, los internos accedieron a levantar la huelga bajo el compromiso de que el pr\u00f3ximo martes se realice un nuevo encuentro con la participaci\u00f3n de la Defensor\u00eda del Pueblo, la Direcci\u00f3n General del Sistema Penitenciario y otras autoridades. Este di\u00e1logo se enfocar\u00e1 en evaluar soluciones a las demandas presentadas.<\/p>\n","protected":false},"excerpt":{"rendered":"<p>Tras tres d\u00edas de huelga de no ingesta de alimentos, los privados de libertad de la c\u00e1rcel p\u00fablica de Penonom\u00e9 suspendieron su medida de protesta al llegar a acuerdos con las autoridades judiciales y del Ministerio P\u00fablico en una reuni\u00f3n efectuada este viernes 22 de noviembre, encabezada por el juez de cumplimiento, Domingo Montenegro y [&hellip;]<\/p>\n","protected":false},"author":7,"featured_media":14509,"comment_status":"open","ping_status":"open","sticky":false,"template":"","format":"standard","meta":{"footnotes":""},"categories":[18,1],"tags":[],"class_list":["post-14507","post","type-post","status-publish","format-standard","has-post-thumbnail","hentry","category-policiales","category-noticias"],"_links":{"self":[{"href":"https:\/\/mifavorita.com.pa\/2017\/wp-json\/wp\/v2\/posts\/14507","targetHints":{"allow":["GET"]}}],"collection":[{"href":"https:\/\/mifavorita.com.pa\/2017\/wp-json\/wp\/v2\/posts"}],"about":[{"href":"https:\/\/mifavorita.com.pa\/2017\/wp-json\/wp\/v2\/types\/post"}],"author":[{"embeddable":true,"href":"https:\/\/mifavorita.com.pa\/2017\/wp-json\/wp\/v2\/users\/7"}],"replies":[{"embeddable":true,"href":"https:\/\/mifavorita.com.pa\/2017\/wp-json\/wp\/v2\/comments?post=14507"}],"version-history":[{"count":1,"href":"https:\/\/mifavorita.com.pa\/2017\/wp-json\/wp\/v2\/posts\/14507\/revisions"}],"predecessor-version":[{"id":14512,"href":"https:\/\/mifavorita.com.pa\/2017\/wp-json\/wp\/v2\/posts\/14507\/revisions\/14512"}],"wp:featuredmedia":[{"embeddable":true,"href":"https:\/\/mifavorita.com.pa\/2017\/wp-json\/wp\/v2\/media\/14509"}],"wp:attachment":[{"href":"https:\/\/mifavorita.com.pa\/2017\/wp-json\/wp\/v2\/media?parent=14507"}],"wp:term":[{"taxonomy":"category","embeddable":true,"href":"https:\/\/mifavorita.com.pa\/2017\/wp-json\/wp\/v2\/categories?post=14507"},{"taxonomy":"post_tag","embeddable":true,"href":"https:\/\/mifavorita.com.pa\/2017\/wp-json\/wp\/v2\/tags?post=14507"}],"curies":[{"name":"wp","href":"https:\/\/api.w.org\/{rel}","templated":true}]}}