{"id":14514,"date":"2024-11-25T18:55:49","date_gmt":"2024-11-25T18:55:49","guid":{"rendered":"https:\/\/mifavorita.com.pa\/2017\/?p=14514"},"modified":"2024-11-25T18:56:28","modified_gmt":"2024-11-25T18:56:28","slug":"inician-trabajos-de-mantenimiento-en-la-via-panamericana-en-cocle-el-mop-coordina-para-evitar-tranques","status":"publish","type":"post","link":"https:\/\/mifavorita.com.pa\/2017\/inician-trabajos-de-mantenimiento-en-la-via-panamericana-en-cocle-el-mop-coordina-para-evitar-tranques\/","title":{"rendered":"INICIAN TRABAJOS DE MANTENIMIENTO EN LA V\u00cdA PANAMERICANA EN COCL\u00c9, EL MOP COORDINA PARA EVITAR TRANQUES."},"content":{"rendered":"\n<h3 class=\"wp-block-heading\"><\/h3>\n\n\n\n<figure class=\"wp-block-gallery has-nested-images columns-default is-cropped wp-block-gallery-1 is-layout-flex wp-block-gallery-is-layout-flex\">\n<figure class=\"wp-block-image size-large\"><img fetchpriority=\"high\" decoding=\"async\" width=\"768\" height=\"1024\" data-id=\"14519\" src=\"https:\/\/mifavorita.com.pa\/2017\/wp-content\/uploads\/2024\/11\/trabajos-1-768x1024.jpg\" alt=\"\" class=\"wp-image-14519\" srcset=\"https:\/\/mifavorita.com.pa\/2017\/wp-content\/uploads\/2024\/11\/trabajos-1-768x1024.jpg 768w, https:\/\/mifavorita.com.pa\/2017\/wp-content\/uploads\/2024\/11\/trabajos-1-225x300.jpg 225w, https:\/\/mifavorita.com.pa\/2017\/wp-content\/uploads\/2024\/11\/trabajos-1-700x933.jpg 700w, https:\/\/mifavorita.com.pa\/2017\/wp-content\/uploads\/2024\/11\/trabajos-1-500x667.jpg 500w, https:\/\/mifavorita.com.pa\/2017\/wp-content\/uploads\/2024\/11\/trabajos-1.jpg 960w\" sizes=\"(max-width: 768px) 100vw, 768px\" \/><\/figure>\n<\/figure>\n\n\n\n<p>Los trabajos de mantenimiento en la v\u00eda Panamericana, a cargo de las empresas NOVA S.A. y Asfaltos Paname\u00f1os, han causado tranques en la provincia de Cocl\u00e9, especialmente en la entrada de Penonom\u00e9. Ante esto, el Ministerio de Obras P\u00fablicas (MOP) solicit\u00f3 a las empresas coordinar con la Autoridad de Tr\u00e1nsito medidas para reducir las molestias.<\/p>\n\n\n\n<p>Luis Rodr\u00edguez, director del MOP en Cocl\u00e9, asegur\u00f3 que ya se cuenta con la programaci\u00f3n de las obras, lo que ayudar\u00e1 a controlar el tr\u00e1fico. Sin embargo, descart\u00f3 trabajar de noche por riesgos a la seguridad de los trabajadores. Adem\u00e1s, confirm\u00f3 que las labores se suspender\u00e1n durante d\u00edas festivos para facilitar el flujo vehicular.<\/p>\n\n\n\n<figure class=\"wp-block-gallery has-nested-images columns-default is-cropped wp-block-gallery-2 is-layout-flex wp-block-gallery-is-layout-flex\">\n<figure class=\"wp-block-image size-large\"><img decoding=\"async\" width=\"1024\" height=\"576\" data-id=\"14520\" src=\"https:\/\/mifavorita.com.pa\/2017\/wp-content\/uploads\/2024\/11\/trabajos-2-1024x576.jpg\" alt=\"\" class=\"wp-image-14520\" srcset=\"https:\/\/mifavorita.com.pa\/2017\/wp-content\/uploads\/2024\/11\/trabajos-2-1024x576.jpg 1024w, https:\/\/mifavorita.com.pa\/2017\/wp-content\/uploads\/2024\/11\/trabajos-2-300x169.jpg 300w, https:\/\/mifavorita.com.pa\/2017\/wp-content\/uploads\/2024\/11\/trabajos-2-768x432.jpg 768w, https:\/\/mifavorita.com.pa\/2017\/wp-content\/uploads\/2024\/11\/trabajos-2-700x394.jpg 700w, https:\/\/mifavorita.com.pa\/2017\/wp-content\/uploads\/2024\/11\/trabajos-2-500x281.jpg 500w, https:\/\/mifavorita.com.pa\/2017\/wp-content\/uploads\/2024\/11\/trabajos-2.jpg 1280w\" sizes=\"(max-width: 1024px) 100vw, 1024px\" \/><\/figure>\n<\/figure>\n\n\n\n<p>NOVA S.A. se encarga del tramo desde la plaza Iguana Mall hasta el r\u00edo Pocr\u00ed, mientras que Asfaltos Paname\u00f1os tiene bajo su responsabilidad el trayecto desde Ant\u00f3n hasta la plaza Iguana Mall. Las obras incluyen limpieza de cunetas y bordes, escarificaci\u00f3n, levantado de asfalto deteriorado y reposici\u00f3n de losas rajadas.<\/p>\n\n\n\n<p>F\u00e9lix N\u00fa\u00f1ez, ingeniero de NOVA S.A., explic\u00f3 que los trabajos actuales se centran en la limpieza de la v\u00eda, con frentes desde el Boulevard Penonom\u00e9 hasta Puerto El Gago, y de ah\u00ed hasta Pocr\u00ed. En diciembre iniciar\u00e1n la escarificaci\u00f3n y reposici\u00f3n de losas entre Penonom\u00e9 y Aguadulce.<\/p>\n\n\n\n<p>N\u00fa\u00f1ez se\u00f1al\u00f3 que el tramo bajo su responsabilidad estaba en condiciones deplorables y asegur\u00f3 que la empresa aumentar\u00e1 recursos si es necesario para minimizar los efectos en el tr\u00e1fico.<\/p>\n\n\n\n<figure class=\"wp-block-gallery has-nested-images columns-default is-cropped wp-block-gallery-3 is-layout-flex wp-block-gallery-is-layout-flex\">\n<figure class=\"wp-block-image size-large\"><img decoding=\"async\" width=\"1024\" height=\"768\" data-id=\"14521\" src=\"https:\/\/mifavorita.com.pa\/2017\/wp-content\/uploads\/2024\/11\/trabajos-1024x768.jpg\" alt=\"\" class=\"wp-image-14521\" srcset=\"https:\/\/mifavorita.com.pa\/2017\/wp-content\/uploads\/2024\/11\/trabajos-1024x768.jpg 1024w, https:\/\/mifavorita.com.pa\/2017\/wp-content\/uploads\/2024\/11\/trabajos-300x225.jpg 300w, https:\/\/mifavorita.com.pa\/2017\/wp-content\/uploads\/2024\/11\/trabajos-768x576.jpg 768w, https:\/\/mifavorita.com.pa\/2017\/wp-content\/uploads\/2024\/11\/trabajos-700x525.jpg 700w, https:\/\/mifavorita.com.pa\/2017\/wp-content\/uploads\/2024\/11\/trabajos-500x375.jpg 500w, https:\/\/mifavorita.com.pa\/2017\/wp-content\/uploads\/2024\/11\/trabajos-800x600.jpg 800w, https:\/\/mifavorita.com.pa\/2017\/wp-content\/uploads\/2024\/11\/trabajos.jpg 1280w\" sizes=\"(max-width: 1024px) 100vw, 1024px\" \/><\/figure>\n<\/figure>\n\n\n\n<p>Con un costo de 3 millones de d\u00f3lares, las obras se proyectan para finalizar en abril de 2025, mejorando la seguridad vial y optimizando el tr\u00e1nsito en esta v\u00eda clave para el comercio y las comunidades.<\/p>\n\n\n\n<p><\/p>\n","protected":false},"excerpt":{"rendered":"<p>Los trabajos de mantenimiento en la v\u00eda Panamericana, a cargo de las empresas NOVA S.A. y Asfaltos Paname\u00f1os, han causado tranques en la provincia de Cocl\u00e9, especialmente en la entrada de Penonom\u00e9. Ante esto, el Ministerio de Obras P\u00fablicas (MOP) solicit\u00f3 a las empresas coordinar con la Autoridad de Tr\u00e1nsito medidas para reducir las molestias. [&hellip;]<\/p>\n","protected":false},"author":7,"featured_media":14520,"comment_status":"open","ping_status":"open","sticky":false,"template":"","format":"standard","meta":{"footnotes":""},"categories":[17,1],"tags":[],"class_list":["post-14514","post","type-post","status-publish","format-standard","has-post-thumbnail","hentry","category-comunitaria","category-noticias"],"_links":{"self":[{"href":"https:\/\/mifavorita.com.pa\/2017\/wp-json\/wp\/v2\/posts\/14514","targetHints":{"allow":["GET"]}}],"collection":[{"href":"https:\/\/mifavorita.com.pa\/2017\/wp-json\/wp\/v2\/posts"}],"about":[{"href":"https:\/\/mifavorita.com.pa\/2017\/wp-json\/wp\/v2\/types\/post"}],"author":[{"embeddable":true,"href":"https:\/\/mifavorita.com.pa\/2017\/wp-json\/wp\/v2\/users\/7"}],"replies":[{"embeddable":true,"href":"https:\/\/mifavorita.com.pa\/2017\/wp-json\/wp\/v2\/comments?post=14514"}],"version-history":[{"count":1,"href":"https:\/\/mifavorita.com.pa\/2017\/wp-json\/wp\/v2\/posts\/14514\/revisions"}],"predecessor-version":[{"id":14522,"href":"https:\/\/mifavorita.com.pa\/2017\/wp-json\/wp\/v2\/posts\/14514\/revisions\/14522"}],"wp:featuredmedia":[{"embeddable":true,"href":"https:\/\/mifavorita.com.pa\/2017\/wp-json\/wp\/v2\/media\/14520"}],"wp:attachment":[{"href":"https:\/\/mifavorita.com.pa\/2017\/wp-json\/wp\/v2\/media?parent=14514"}],"wp:term":[{"taxonomy":"category","embeddable":true,"href":"https:\/\/mifavorita.com.pa\/2017\/wp-json\/wp\/v2\/categories?post=14514"},{"taxonomy":"post_tag","embeddable":true,"href":"https:\/\/mifavorita.com.pa\/2017\/wp-json\/wp\/v2\/tags?post=14514"}],"curies":[{"name":"wp","href":"https:\/\/api.w.org\/{rel}","templated":true}]}}