{"id":15214,"date":"2025-01-18T17:24:52","date_gmt":"2025-01-18T17:24:52","guid":{"rendered":"https:\/\/mifavorita.com.pa\/2017\/?p=15214"},"modified":"2025-01-18T17:25:36","modified_gmt":"2025-01-18T17:25:36","slug":"preparativos-para-el-carnaval-de-penonome-2025-avanzan-con-asignacion-de-puestos","status":"publish","type":"post","link":"https:\/\/mifavorita.com.pa\/2017\/preparativos-para-el-carnaval-de-penonome-2025-avanzan-con-asignacion-de-puestos\/","title":{"rendered":"PREPARATIVOS PARA EL CARNAVAL DE PENONOM\u00c9 2025 AVANZAN CON ASIGNACI\u00d3N DE PUESTOS."},"content":{"rendered":"\n<figure class=\"wp-block-gallery has-nested-images columns-default is-cropped wp-block-gallery-1 is-layout-flex wp-block-gallery-is-layout-flex\">\n<figure class=\"wp-block-image size-large\"><img fetchpriority=\"high\" decoding=\"async\" width=\"1024\" height=\"473\" data-id=\"15215\" src=\"https:\/\/mifavorita.com.pa\/2017\/wp-content\/uploads\/2025\/01\/carna-1024x473.jpg\" alt=\"\" class=\"wp-image-15215\" srcset=\"https:\/\/mifavorita.com.pa\/2017\/wp-content\/uploads\/2025\/01\/carna-1024x473.jpg 1024w, https:\/\/mifavorita.com.pa\/2017\/wp-content\/uploads\/2025\/01\/carna-300x139.jpg 300w, https:\/\/mifavorita.com.pa\/2017\/wp-content\/uploads\/2025\/01\/carna-768x355.jpg 768w, https:\/\/mifavorita.com.pa\/2017\/wp-content\/uploads\/2025\/01\/carna-700x323.jpg 700w, https:\/\/mifavorita.com.pa\/2017\/wp-content\/uploads\/2025\/01\/carna-500x231.jpg 500w, https:\/\/mifavorita.com.pa\/2017\/wp-content\/uploads\/2025\/01\/carna.jpg 1280w\" sizes=\"(max-width: 1024px) 100vw, 1024px\" \/><\/figure>\n<\/figure>\n\n\n\n<p>Con la organizaci\u00f3n del Carnaval 2025 en marcha, la Junta de Carnaval de Penonom\u00e9, presidida por Valent\u00edn Arosemena y juramentada por el alcalde del distrito, inici\u00f3 desde el mi\u00e9rcoles 15 de enero el proceso de recepci\u00f3n de documentos para las personas interesadas en obtener un puesto de venta de comida o bebidas dentro del \u00e1rea designada para las festividades.<\/p>\n\n\n\n<figure class=\"wp-block-gallery has-nested-images columns-default is-cropped wp-block-gallery-2 is-layout-flex wp-block-gallery-is-layout-flex\">\n<figure class=\"wp-block-image size-large\"><img decoding=\"async\" width=\"1024\" height=\"473\" data-id=\"15217\" src=\"https:\/\/mifavorita.com.pa\/2017\/wp-content\/uploads\/2025\/01\/carna3-1024x473.jpg\" alt=\"\" class=\"wp-image-15217\" srcset=\"https:\/\/mifavorita.com.pa\/2017\/wp-content\/uploads\/2025\/01\/carna3-1024x473.jpg 1024w, https:\/\/mifavorita.com.pa\/2017\/wp-content\/uploads\/2025\/01\/carna3-300x139.jpg 300w, https:\/\/mifavorita.com.pa\/2017\/wp-content\/uploads\/2025\/01\/carna3-768x355.jpg 768w, https:\/\/mifavorita.com.pa\/2017\/wp-content\/uploads\/2025\/01\/carna3-700x324.jpg 700w, https:\/\/mifavorita.com.pa\/2017\/wp-content\/uploads\/2025\/01\/carna3-500x231.jpg 500w, https:\/\/mifavorita.com.pa\/2017\/wp-content\/uploads\/2025\/01\/carna3.jpg 1168w\" sizes=\"(max-width: 1024px) 100vw, 1024px\" \/><\/figure>\n<\/figure>\n\n\n\n<p>Arosemena indic\u00f3 que la recepci\u00f3n de solicitudes se mantendr\u00e1 abierta hasta el pr\u00f3ximo martes en las oficinas de la Junta de Carnaval ubicadas en el Palacio Municipal con un horario de atenci\u00f3n de 4:30 p.m. a 8:00 p.m. El presidente de la Junta explic\u00f3 que debido a la alta demanda en la Zona 1, frente al Palacio Municipal, se realizar\u00e1 un sorteo a trav\u00e9s de una t\u00f3mbola, ya que la cantidad de solicitudes supera los cupos disponibles.<\/p>\n\n\n\n<figure class=\"wp-block-gallery has-nested-images columns-default is-cropped wp-block-gallery-3 is-layout-flex wp-block-gallery-is-layout-flex\">\n<figure class=\"wp-block-image size-large\"><img decoding=\"async\" width=\"1024\" height=\"473\" data-id=\"15216\" src=\"https:\/\/mifavorita.com.pa\/2017\/wp-content\/uploads\/2025\/01\/carna2-1024x473.jpg\" alt=\"\" class=\"wp-image-15216\" srcset=\"https:\/\/mifavorita.com.pa\/2017\/wp-content\/uploads\/2025\/01\/carna2-1024x473.jpg 1024w, https:\/\/mifavorita.com.pa\/2017\/wp-content\/uploads\/2025\/01\/carna2-300x139.jpg 300w, https:\/\/mifavorita.com.pa\/2017\/wp-content\/uploads\/2025\/01\/carna2-768x355.jpg 768w, https:\/\/mifavorita.com.pa\/2017\/wp-content\/uploads\/2025\/01\/carna2-700x323.jpg 700w, https:\/\/mifavorita.com.pa\/2017\/wp-content\/uploads\/2025\/01\/carna2-500x231.jpg 500w, https:\/\/mifavorita.com.pa\/2017\/wp-content\/uploads\/2025\/01\/carna2.jpg 1280w\" sizes=\"(max-width: 1024px) 100vw, 1024px\" \/><\/figure>\n<\/figure>\n\n\n\n<p>inform\u00f3 que el sorteo ser\u00e1 transmitido en vivo a trav\u00e9s de las redes sociales oficiales del Carnaval de Penonom\u00e9 para garantizar la transparencia del proceso. En la Zona 2, que comprende desde la ferreter\u00eda COCLE hasta la Financiera El Sol en la Avenida Central, la cantidad de solicitudes ha sido menor, por lo que la asignaci\u00f3n de estos puestos ser\u00e1 m\u00e1s sencilla.<\/p>\n\n\n\n<p>En el caso de los puestos de venta de comida, las solicitudes recibidas hasta el momento no exceden el l\u00edmite establecido, permitiendo que la asignaci\u00f3n sea directa explic\u00f3.<\/p>\n\n\n\n<p>Las personas interesadas deben presentar una carta dirigida a la Junta de Carnaval solicitando el puesto deseado. En caso de ser seleccionadas, se les pedir\u00e1 una paz y salvo municipal y un certificado de residencia que acredite que son residentes del distrito de Penonom\u00e9, como parte de la prioridad que se da a los habitantes locales para fortalecer la econom\u00eda del distrito<\/p>\n\n\n\n<p>El sorteo para la asignaci\u00f3n de los puestos se llevar\u00e1 a cabo dos d\u00edas despu\u00e9s del cierre de la recepci\u00f3n de documentos. La cantidad definitiva de puestos disponibles estar\u00e1 sujeta a las negociaciones finales con las cervecer\u00edas encargadas de suministrar los quioscos<\/p>\n\n\n\n<p>Para mayor informaci\u00f3n, las personas pueden dirigirse a las oficinas de la Junta de Carnaval en el Palacio Municipal. El Carnaval de Penonom\u00e9 2025 avanza con una organizaci\u00f3n clara y con espacios definidos para apoyar a los emprendedores de la regi\u00f3n destac\u00f3 Arosemena.<\/p>\n\n\n\n<p><\/p>\n","protected":false},"excerpt":{"rendered":"<p>Con la organizaci\u00f3n del Carnaval 2025 en marcha, la Junta de Carnaval de Penonom\u00e9, presidida por Valent\u00edn Arosemena y juramentada por el alcalde del distrito, inici\u00f3 desde el mi\u00e9rcoles 15 de enero el proceso de recepci\u00f3n de documentos para las personas interesadas en obtener un puesto de venta de comida o bebidas dentro del \u00e1rea [&hellip;]<\/p>\n","protected":false},"author":7,"featured_media":15216,"comment_status":"open","ping_status":"open","sticky":false,"template":"","format":"standard","meta":{"footnotes":""},"categories":[30,1],"tags":[],"class_list":["post-15214","post","type-post","status-publish","format-standard","has-post-thumbnail","hentry","category-cultura","category-noticias"],"_links":{"self":[{"href":"https:\/\/mifavorita.com.pa\/2017\/wp-json\/wp\/v2\/posts\/15214","targetHints":{"allow":["GET"]}}],"collection":[{"href":"https:\/\/mifavorita.com.pa\/2017\/wp-json\/wp\/v2\/posts"}],"about":[{"href":"https:\/\/mifavorita.com.pa\/2017\/wp-json\/wp\/v2\/types\/post"}],"author":[{"embeddable":true,"href":"https:\/\/mifavorita.com.pa\/2017\/wp-json\/wp\/v2\/users\/7"}],"replies":[{"embeddable":true,"href":"https:\/\/mifavorita.com.pa\/2017\/wp-json\/wp\/v2\/comments?post=15214"}],"version-history":[{"count":2,"href":"https:\/\/mifavorita.com.pa\/2017\/wp-json\/wp\/v2\/posts\/15214\/revisions"}],"predecessor-version":[{"id":15219,"href":"https:\/\/mifavorita.com.pa\/2017\/wp-json\/wp\/v2\/posts\/15214\/revisions\/15219"}],"wp:featuredmedia":[{"embeddable":true,"href":"https:\/\/mifavorita.com.pa\/2017\/wp-json\/wp\/v2\/media\/15216"}],"wp:attachment":[{"href":"https:\/\/mifavorita.com.pa\/2017\/wp-json\/wp\/v2\/media?parent=15214"}],"wp:term":[{"taxonomy":"category","embeddable":true,"href":"https:\/\/mifavorita.com.pa\/2017\/wp-json\/wp\/v2\/categories?post=15214"},{"taxonomy":"post_tag","embeddable":true,"href":"https:\/\/mifavorita.com.pa\/2017\/wp-json\/wp\/v2\/tags?post=15214"}],"curies":[{"name":"wp","href":"https:\/\/api.w.org\/{rel}","templated":true}]}}