{"id":15220,"date":"2025-01-20T17:36:34","date_gmt":"2025-01-20T17:36:34","guid":{"rendered":"https:\/\/mifavorita.com.pa\/2017\/?p=15220"},"modified":"2025-01-20T17:37:20","modified_gmt":"2025-01-20T17:37:20","slug":"una-victima-fatal-y-15-lesionados-en-accidentes-de-transito-durante-el-fin-de-semana-en-cocle","status":"publish","type":"post","link":"https:\/\/mifavorita.com.pa\/2017\/una-victima-fatal-y-15-lesionados-en-accidentes-de-transito-durante-el-fin-de-semana-en-cocle\/","title":{"rendered":"UNA V\u00cdCTIMA FATAL Y 15 LESIONADOS EN ACCIDENTES DE TR\u00c1NSITO DURANTE EL FIN DE SEMANA EN COCL\u00c9"},"content":{"rendered":"\n<figure class=\"wp-block-gallery has-nested-images columns-default is-cropped wp-block-gallery-1 is-layout-flex wp-block-gallery-is-layout-flex\">\n<figure class=\"wp-block-image size-large\"><img fetchpriority=\"high\" decoding=\"async\" width=\"1024\" height=\"576\" data-id=\"15221\" src=\"https:\/\/mifavorita.com.pa\/2017\/wp-content\/uploads\/2025\/01\/accidente--1024x576.jpg\" alt=\"\" class=\"wp-image-15221\" srcset=\"https:\/\/mifavorita.com.pa\/2017\/wp-content\/uploads\/2025\/01\/accidente--1024x576.jpg 1024w, https:\/\/mifavorita.com.pa\/2017\/wp-content\/uploads\/2025\/01\/accidente--300x169.jpg 300w, https:\/\/mifavorita.com.pa\/2017\/wp-content\/uploads\/2025\/01\/accidente--768x432.jpg 768w, https:\/\/mifavorita.com.pa\/2017\/wp-content\/uploads\/2025\/01\/accidente--700x394.jpg 700w, https:\/\/mifavorita.com.pa\/2017\/wp-content\/uploads\/2025\/01\/accidente--500x281.jpg 500w, https:\/\/mifavorita.com.pa\/2017\/wp-content\/uploads\/2025\/01\/accidente-.jpg 1280w\" sizes=\"(max-width: 1024px) 100vw, 1024px\" \/><\/figure>\n<\/figure>\n\n\n\n<p>El pasado fin de semana, se registraron 22 hechos de tr\u00e1nsito en la provincia de Cocl\u00e9, dejando como saldo una v\u00edctima fatal, un herido de gravedad y 15 lesionados leves. Adem\u00e1s, las autoridades de tr\u00e1nsito colocaron 271 infracciones, de las cuales 95 fueron por exceso de velocidad y 88 por no respetar las se\u00f1ales de tr\u00e1nsito. Tambi\u00e9n, 12 veh\u00edculos fueron removidos por el servicio de gr\u00faas, entre ellos, dos por estar en estado de embriaguez e involucrados en accidentes.<\/p>\n\n\n\n<p>La informaci\u00f3n fue proporcionada por el sargento \u00c1ngel Gonz\u00e1lez, de la Direcci\u00f3n de Operaciones de Tr\u00e1nsito de la Polic\u00eda Nacional, quien detall\u00f3 que el accidente m\u00e1s grave ocurri\u00f3 en la carretera Panamericana, frente a la finca Los Zambranos, pasando el poblado de Ant\u00f3n, en direcci\u00f3n a R\u00edo Hato. El hecho, ocurrido a las 12:10 de la madrugada del s\u00e1bado, involucr\u00f3 una colisi\u00f3n por alcance entre un veh\u00edculo tipo sed\u00e1n y una motocicleta.<\/p>\n\n\n\n<p>La pasajera de la motocicleta, una mujer de 32 a\u00f1os, fue proyectada hacia la cuneta y lamentablemente perdi\u00f3 la vida en el lugar de los hechos.<\/p>\n\n\n\n<p>El sargento Gonz\u00e1lez destac\u00f3 que la principal causa de este accidente fue el exceso de velocidad, una de las principales razones de los siniestros viales. Las autoridades hacen un llamado a los conductores para que respeten los l\u00edmites de velocidad, que en la carretera nacional es de 80 kil\u00f3metros por hora, ya que este tipo de imprudencia sigue siendo un factor clave en los accidentes.<\/p>\n\n\n\n<p>Este tr\u00e1gico accidente marca la primera v\u00edctima fatal en lo que va del a\u00f1o 2025 en la provincia de Cocl\u00e9.<\/p>\n","protected":false},"excerpt":{"rendered":"<p>El pasado fin de semana, se registraron 22 hechos de tr\u00e1nsito en la provincia de Cocl\u00e9, dejando como saldo una v\u00edctima fatal, un herido de gravedad y 15 lesionados leves. Adem\u00e1s, las autoridades de tr\u00e1nsito colocaron 271 infracciones, de las cuales 95 fueron por exceso de velocidad y 88 por no respetar las se\u00f1ales de [&hellip;]<\/p>\n","protected":false},"author":7,"featured_media":15221,"comment_status":"open","ping_status":"open","sticky":false,"template":"","format":"standard","meta":{"footnotes":""},"categories":[1,37],"tags":[],"class_list":["post-15220","post","type-post","status-publish","format-standard","has-post-thumbnail","hentry","category-noticias","category-policivas"],"_links":{"self":[{"href":"https:\/\/mifavorita.com.pa\/2017\/wp-json\/wp\/v2\/posts\/15220","targetHints":{"allow":["GET"]}}],"collection":[{"href":"https:\/\/mifavorita.com.pa\/2017\/wp-json\/wp\/v2\/posts"}],"about":[{"href":"https:\/\/mifavorita.com.pa\/2017\/wp-json\/wp\/v2\/types\/post"}],"author":[{"embeddable":true,"href":"https:\/\/mifavorita.com.pa\/2017\/wp-json\/wp\/v2\/users\/7"}],"replies":[{"embeddable":true,"href":"https:\/\/mifavorita.com.pa\/2017\/wp-json\/wp\/v2\/comments?post=15220"}],"version-history":[{"count":1,"href":"https:\/\/mifavorita.com.pa\/2017\/wp-json\/wp\/v2\/posts\/15220\/revisions"}],"predecessor-version":[{"id":15222,"href":"https:\/\/mifavorita.com.pa\/2017\/wp-json\/wp\/v2\/posts\/15220\/revisions\/15222"}],"wp:featuredmedia":[{"embeddable":true,"href":"https:\/\/mifavorita.com.pa\/2017\/wp-json\/wp\/v2\/media\/15221"}],"wp:attachment":[{"href":"https:\/\/mifavorita.com.pa\/2017\/wp-json\/wp\/v2\/media?parent=15220"}],"wp:term":[{"taxonomy":"category","embeddable":true,"href":"https:\/\/mifavorita.com.pa\/2017\/wp-json\/wp\/v2\/categories?post=15220"},{"taxonomy":"post_tag","embeddable":true,"href":"https:\/\/mifavorita.com.pa\/2017\/wp-json\/wp\/v2\/tags?post=15220"}],"curies":[{"name":"wp","href":"https:\/\/api.w.org\/{rel}","templated":true}]}}