{"id":15223,"date":"2025-01-20T22:22:48","date_gmt":"2025-01-20T22:22:48","guid":{"rendered":"https:\/\/mifavorita.com.pa\/2017\/?p=15223"},"modified":"2025-01-20T22:23:31","modified_gmt":"2025-01-20T22:23:31","slug":"avanza-con-orden-el-proceso-de-recuperacion-academica-en-penonome","status":"publish","type":"post","link":"https:\/\/mifavorita.com.pa\/2017\/avanza-con-orden-el-proceso-de-recuperacion-academica-en-penonome\/","title":{"rendered":"AVANZA CON ORDEN EL PROCESO DE RECUPERACI\u00d3N ACAD\u00c9MICA EN PENONOM\u00c9"},"content":{"rendered":"\n<figure class=\"wp-block-image size-large\"><img fetchpriority=\"high\" decoding=\"async\" width=\"1024\" height=\"768\" src=\"https:\/\/mifavorita.com.pa\/2017\/wp-content\/uploads\/2025\/01\/IMG_4715-1024x768.jpg\" alt=\"\" class=\"wp-image-15225\" srcset=\"https:\/\/mifavorita.com.pa\/2017\/wp-content\/uploads\/2025\/01\/IMG_4715-1024x768.jpg 1024w, https:\/\/mifavorita.com.pa\/2017\/wp-content\/uploads\/2025\/01\/IMG_4715-300x225.jpg 300w, https:\/\/mifavorita.com.pa\/2017\/wp-content\/uploads\/2025\/01\/IMG_4715-768x576.jpg 768w, https:\/\/mifavorita.com.pa\/2017\/wp-content\/uploads\/2025\/01\/IMG_4715-1536x1152.jpg 1536w, https:\/\/mifavorita.com.pa\/2017\/wp-content\/uploads\/2025\/01\/IMG_4715-2048x1536.jpg 2048w, https:\/\/mifavorita.com.pa\/2017\/wp-content\/uploads\/2025\/01\/IMG_4715-700x525.jpg 700w, https:\/\/mifavorita.com.pa\/2017\/wp-content\/uploads\/2025\/01\/IMG_4715-500x375.jpg 500w, https:\/\/mifavorita.com.pa\/2017\/wp-content\/uploads\/2025\/01\/IMG_4715-800x600.jpg 800w\" sizes=\"(max-width: 1024px) 100vw, 1024px\" \/><figcaption class=\"wp-element-caption\"><em>Padres de familia acompa\u00f1an a sus acudidos en al plantel<\/em><\/figcaption><\/figure>\n\n\n\n<p>Con orden avanza el proceso de recuperaci\u00f3n acad\u00e9mica en la provincia de Cocl\u00e9, que alberga a 3 mil 053 estudiantes en 3 escuelas, y es precisamente el Instituto T\u00e9cnico y Profesional Leonila Pinz\u00f3n de Grimaldo en Penonom\u00e9, el centro que m\u00e1s recibe j\u00f3venes con una matr\u00edcula de mil 636 distribuidos en horarios de clases de 7 de la ma\u00f1ana a 1 de la tarde.<\/p>\n\n\n\n<p>El programa de recuperaci\u00f3n acad\u00e9mica en el IPT Leonila Pinz\u00f3n incluye pre media y media, con una log\u00edstica que ha requerido el apoyo de personal de otros centros educativos para mantener el orden.<\/p>\n\n\n\n<p>Haydee Campos, subdirectora t\u00e9cnico-docente y encargada del programa del plantel, indic\u00f3 que se han sorprendido de la cantidad de padres de familia que acudieron a matricular a sus acudidos, y que se trabaj\u00f3 fuertemente para tener todo listo.<\/p>\n\n\n\n<p>Se\u00f1al\u00f3 que la log\u00edstica manejada es buena, ya que han utilizado un aula para los 26 de docentes, con una asistencia de 3 veces a la semana para materias b\u00e1sicas. Al principio se presentaron algunos choques de horario, sin embargo, todo fue solucionado.<\/p>\n\n\n\n<figure class=\"wp-block-image size-large\"><img decoding=\"async\" width=\"1024\" height=\"576\" src=\"https:\/\/mifavorita.com.pa\/2017\/wp-content\/uploads\/2025\/01\/IMG_4719-1-1024x576.jpg\" alt=\"\" class=\"wp-image-15226\" srcset=\"https:\/\/mifavorita.com.pa\/2017\/wp-content\/uploads\/2025\/01\/IMG_4719-1-1024x576.jpg 1024w, https:\/\/mifavorita.com.pa\/2017\/wp-content\/uploads\/2025\/01\/IMG_4719-1-300x169.jpg 300w, https:\/\/mifavorita.com.pa\/2017\/wp-content\/uploads\/2025\/01\/IMG_4719-1-768x432.jpg 768w, https:\/\/mifavorita.com.pa\/2017\/wp-content\/uploads\/2025\/01\/IMG_4719-1-1536x864.jpg 1536w, https:\/\/mifavorita.com.pa\/2017\/wp-content\/uploads\/2025\/01\/IMG_4719-1-2048x1152.jpg 2048w, https:\/\/mifavorita.com.pa\/2017\/wp-content\/uploads\/2025\/01\/IMG_4719-1-700x394.jpg 700w, https:\/\/mifavorita.com.pa\/2017\/wp-content\/uploads\/2025\/01\/IMG_4719-1-500x281.jpg 500w\" sizes=\"(max-width: 1024px) 100vw, 1024px\" \/><figcaption class=\"wp-element-caption\"><em>Inspectores controlan el ingreso y salida de los estudiantes con hojas de horarios <\/em><\/figcaption><\/figure>\n\n\n\n<p>Etelvia Lozano, subdirectora t\u00e9cnico docente del Ministerio de Educaci\u00f3n, tambi\u00e9n dijo que hasta el momento las jornadas de clase han sido productivas porque se organizaron con tiempo, con una poblaci\u00f3n estudiantil considerable, que es atendida tambi\u00e9n por un equipo multidisciplinario con psic\u00f3logos y trabajadores sociales para contribuir al \u00e9xito de este programa.<\/p>\n\n\n\n<p>De parte del MEDUCA, se indic\u00f3 que son muchos los padres de familia que acuden con sus hijos al centro educativo, verificando que cumplan con sus asignaciones, por lo que agradecen ese gesto de compromiso. &nbsp;<\/p>\n","protected":false},"excerpt":{"rendered":"<p>Con orden avanza el proceso de recuperaci\u00f3n acad\u00e9mica en la provincia de Cocl\u00e9, que alberga a 3 mil 053 estudiantes en 3 escuelas, y es precisamente el Instituto T\u00e9cnico y Profesional Leonila Pinz\u00f3n de Grimaldo en Penonom\u00e9, el centro que m\u00e1s recibe j\u00f3venes con una matr\u00edcula de mil 636 distribuidos en horarios de clases de [&hellip;]<\/p>\n","protected":false},"author":6,"featured_media":15224,"comment_status":"open","ping_status":"open","sticky":false,"template":"","format":"standard","meta":{"footnotes":""},"categories":[17,1],"tags":[],"class_list":["post-15223","post","type-post","status-publish","format-standard","has-post-thumbnail","hentry","category-comunitaria","category-noticias"],"_links":{"self":[{"href":"https:\/\/mifavorita.com.pa\/2017\/wp-json\/wp\/v2\/posts\/15223","targetHints":{"allow":["GET"]}}],"collection":[{"href":"https:\/\/mifavorita.com.pa\/2017\/wp-json\/wp\/v2\/posts"}],"about":[{"href":"https:\/\/mifavorita.com.pa\/2017\/wp-json\/wp\/v2\/types\/post"}],"author":[{"embeddable":true,"href":"https:\/\/mifavorita.com.pa\/2017\/wp-json\/wp\/v2\/users\/6"}],"replies":[{"embeddable":true,"href":"https:\/\/mifavorita.com.pa\/2017\/wp-json\/wp\/v2\/comments?post=15223"}],"version-history":[{"count":1,"href":"https:\/\/mifavorita.com.pa\/2017\/wp-json\/wp\/v2\/posts\/15223\/revisions"}],"predecessor-version":[{"id":15227,"href":"https:\/\/mifavorita.com.pa\/2017\/wp-json\/wp\/v2\/posts\/15223\/revisions\/15227"}],"wp:featuredmedia":[{"embeddable":true,"href":"https:\/\/mifavorita.com.pa\/2017\/wp-json\/wp\/v2\/media\/15224"}],"wp:attachment":[{"href":"https:\/\/mifavorita.com.pa\/2017\/wp-json\/wp\/v2\/media?parent=15223"}],"wp:term":[{"taxonomy":"category","embeddable":true,"href":"https:\/\/mifavorita.com.pa\/2017\/wp-json\/wp\/v2\/categories?post=15223"},{"taxonomy":"post_tag","embeddable":true,"href":"https:\/\/mifavorita.com.pa\/2017\/wp-json\/wp\/v2\/tags?post=15223"}],"curies":[{"name":"wp","href":"https:\/\/api.w.org\/{rel}","templated":true}]}}