{"id":15228,"date":"2025-01-20T22:42:36","date_gmt":"2025-01-20T22:42:36","guid":{"rendered":"https:\/\/mifavorita.com.pa\/2017\/?p=15228"},"modified":"2025-01-20T22:43:19","modified_gmt":"2025-01-20T22:43:19","slug":"camaras-de-turismo-se-reunen-definen-ofertas-para-este-verano-en-cocle","status":"publish","type":"post","link":"https:\/\/mifavorita.com.pa\/2017\/camaras-de-turismo-se-reunen-definen-ofertas-para-este-verano-en-cocle\/","title":{"rendered":"C\u00c1MARAS DE TURISMO SE RE\u00daNEN DEFINEN OFERTAS PARA ESTE VERANO EN COCL\u00c9 \u00a0"},"content":{"rendered":"\n<figure class=\"wp-block-image size-large\"><img fetchpriority=\"high\" decoding=\"async\" width=\"1024\" height=\"576\" src=\"https:\/\/mifavorita.com.pa\/2017\/wp-content\/uploads\/2025\/01\/877b9be3-98ef-49f2-85fe-c65961cbea04-1024x576.jpg\" alt=\"\" class=\"wp-image-15230\" srcset=\"https:\/\/mifavorita.com.pa\/2017\/wp-content\/uploads\/2025\/01\/877b9be3-98ef-49f2-85fe-c65961cbea04-1024x576.jpg 1024w, https:\/\/mifavorita.com.pa\/2017\/wp-content\/uploads\/2025\/01\/877b9be3-98ef-49f2-85fe-c65961cbea04-300x169.jpg 300w, https:\/\/mifavorita.com.pa\/2017\/wp-content\/uploads\/2025\/01\/877b9be3-98ef-49f2-85fe-c65961cbea04-768x432.jpg 768w, https:\/\/mifavorita.com.pa\/2017\/wp-content\/uploads\/2025\/01\/877b9be3-98ef-49f2-85fe-c65961cbea04-1536x864.jpg 1536w, https:\/\/mifavorita.com.pa\/2017\/wp-content\/uploads\/2025\/01\/877b9be3-98ef-49f2-85fe-c65961cbea04-700x394.jpg 700w, https:\/\/mifavorita.com.pa\/2017\/wp-content\/uploads\/2025\/01\/877b9be3-98ef-49f2-85fe-c65961cbea04-500x281.jpg 500w, https:\/\/mifavorita.com.pa\/2017\/wp-content\/uploads\/2025\/01\/877b9be3-98ef-49f2-85fe-c65961cbea04.jpg 1599w\" sizes=\"(max-width: 1024px) 100vw, 1024px\" \/><\/figure>\n\n\n\n<p>Por primera vez, las C\u00e1maras de Turismo de la Riviera Pac\u00edfica, El Valle de Ant\u00f3n y Cocl\u00e9, se reunieron para concretar una hoja de ruta para el verano en materia de ofertas de las empresas de los distritos, en cuanto a sus productos o servicios que atraigan a visitantes nacionales o extranjeros este 2025 antes de iniciar la temporada baja.<\/p>\n\n\n\n<p>Y es que, desde abril hasta diciembre, los comercios recienten una baja por la temporada lluviosa que limita la llegada de personas, por lo que promover\u00e1n todo tipo de actividades en 18 \u00e1reas del turismo.<\/p>\n\n\n\n<p>Abraham Gir\u00f3n, presidente de la c\u00e1mara de Cocl\u00e9, se\u00f1al\u00f3 que la unidad juega un rol importante en el desarrollo que se busca en la provincia, por lo que han planificado los pr\u00f3ximos meses en cuanto a actividades y ofertas, en los diferentes distritos.<\/p>\n\n\n\n<p>As\u00ed tambi\u00e9n, Edgardo Griffith, presidente la C\u00e1mara en El Valle de Ant\u00f3n, indic\u00f3 que la idea es trabajar por impulsar lo mejor de cada regi\u00f3n, y que, en el caso de El Valle, siempre buscan mantener la conservaci\u00f3n de la naturaleza y el descanso de sus visitantes.<\/p>\n\n\n\n<p>Por su parte, Ricardo Gonz\u00e1lez, asesor de la C\u00e1mara de la Riviera Pac\u00edfica, dijo que existe la capacidad para albergar tanto en hoteles de playa como residencias de alojamiento a los visitantes, siendo Cocl\u00e9 la segunda provincia con m\u00e1s oferta hotelera seguida de la capital, y que junto al Comit\u00e9 de Gesti\u00f3n y el Gabinete Tur\u00edstico de Ant\u00f3n, se ha logrado apoyo de la Autoridad de Turismo.<\/p>\n\n\n\n<p>Durante los carnavales, las c\u00e1maras de turismo esperan que muchos de los visitantes que no prefieren las actividades festivas, opten por planes familiares, al igual que en Semana Santa, puesto que se existen destinos religiosos con mucho valor hist\u00f3rico.<\/p>\n","protected":false},"excerpt":{"rendered":"<p>Por primera vez, las C\u00e1maras de Turismo de la Riviera Pac\u00edfica, El Valle de Ant\u00f3n y Cocl\u00e9, se reunieron para concretar una hoja de ruta para el verano en materia de ofertas de las empresas de los distritos, en cuanto a sus productos o servicios que atraigan a visitantes nacionales o extranjeros este 2025 antes [&hellip;]<\/p>\n","protected":false},"author":6,"featured_media":15229,"comment_status":"open","ping_status":"open","sticky":false,"template":"","format":"standard","meta":{"footnotes":""},"categories":[29,1],"tags":[],"class_list":["post-15228","post","type-post","status-publish","format-standard","has-post-thumbnail","hentry","category-agro-negocios","category-noticias"],"_links":{"self":[{"href":"https:\/\/mifavorita.com.pa\/2017\/wp-json\/wp\/v2\/posts\/15228","targetHints":{"allow":["GET"]}}],"collection":[{"href":"https:\/\/mifavorita.com.pa\/2017\/wp-json\/wp\/v2\/posts"}],"about":[{"href":"https:\/\/mifavorita.com.pa\/2017\/wp-json\/wp\/v2\/types\/post"}],"author":[{"embeddable":true,"href":"https:\/\/mifavorita.com.pa\/2017\/wp-json\/wp\/v2\/users\/6"}],"replies":[{"embeddable":true,"href":"https:\/\/mifavorita.com.pa\/2017\/wp-json\/wp\/v2\/comments?post=15228"}],"version-history":[{"count":1,"href":"https:\/\/mifavorita.com.pa\/2017\/wp-json\/wp\/v2\/posts\/15228\/revisions"}],"predecessor-version":[{"id":15231,"href":"https:\/\/mifavorita.com.pa\/2017\/wp-json\/wp\/v2\/posts\/15228\/revisions\/15231"}],"wp:featuredmedia":[{"embeddable":true,"href":"https:\/\/mifavorita.com.pa\/2017\/wp-json\/wp\/v2\/media\/15229"}],"wp:attachment":[{"href":"https:\/\/mifavorita.com.pa\/2017\/wp-json\/wp\/v2\/media?parent=15228"}],"wp:term":[{"taxonomy":"category","embeddable":true,"href":"https:\/\/mifavorita.com.pa\/2017\/wp-json\/wp\/v2\/categories?post=15228"},{"taxonomy":"post_tag","embeddable":true,"href":"https:\/\/mifavorita.com.pa\/2017\/wp-json\/wp\/v2\/tags?post=15228"}],"curies":[{"name":"wp","href":"https:\/\/api.w.org\/{rel}","templated":true}]}}