{"id":15240,"date":"2025-01-21T19:40:09","date_gmt":"2025-01-21T19:40:09","guid":{"rendered":"https:\/\/mifavorita.com.pa\/2017\/?p=15240"},"modified":"2025-01-21T19:40:52","modified_gmt":"2025-01-21T19:40:52","slug":"cocle-no-baja-la-guardia-contra-la-depresion-condicion-se-sigue-presentando-mas-en-muijeres-jovenes-y-adultos-mayores","status":"publish","type":"post","link":"https:\/\/mifavorita.com.pa\/2017\/cocle-no-baja-la-guardia-contra-la-depresion-condicion-se-sigue-presentando-mas-en-muijeres-jovenes-y-adultos-mayores\/","title":{"rendered":"COCL\u00c8 NO BAJA LA GUARDIA CONTRA LA DEPRESI\u00d2N. CONDICI\u00d2N SE SIGUE PRESENTANDO M\u00c0S EN MUIJERES J\u00d2VENES Y ADULTOS MAYORES"},"content":{"rendered":"\n<p>Un porcentaje mayor de mujeres sobre hombres, son quienes recurren a atenci\u00f3n de salud mental en las instituciones de salud de la provincia de Cocl\u00e9, aumentando los casos en adultas mayores y adolescentes.<\/p>\n\n\n\n<p>As\u00ed se ha establecido la estad\u00edstica de cobertura psicol\u00f3gica o psiqui\u00e1trica en los \u00faltimos a\u00f1os, demarcando un buen paso en la atenci\u00f3n preventiva de pacientes.<\/p>\n\n\n\n<p>As\u00ed lo explic\u00f3 Marta Pinz\u00f3n, enfermera del \u00e1rea de salud mental, quien indic\u00f3 que es indispensable identificar esos cambios de \u00e1nimo que van m\u00e1s all\u00e1 de momentos, sino que afectan el d\u00eda a d\u00eda, y no permite el desarrollo de las actividades regulares. &nbsp;<\/p>\n\n\n\n<p>La enfermera tambi\u00e9n enfatiz\u00f3 en que aquellos que m\u00e1s necesitan del apoyo son los adultos mayores en general, ya que incluso se relacionan con enfermedades cr\u00f3nicas, las cuales se les da prioridad y se omite la revisi\u00f3n psicol\u00f3gica; as\u00ed tambi\u00e9n, vigilar a los adolescentes, ya que, por su inmadurez, suelen no buscar por s\u00ed mismos la ayuda.<\/p>\n\n\n\n<p>Cada 13 de enero de conmemora el d\u00eda de la lucha contra la depresi\u00f3n en el mundo, y actualmente en el pa\u00eds la atenci\u00f3n puede ser solicitada gratuitamente en las instancias del Ministerio de Salud, con o sin referencia.<\/p>\n\n\n\n<p>Sentir cansancio permanente, p\u00e9rdida del inter\u00e9s en actividades, aislamiento social o cambios en el apetito pueden ser signos de alarma, y su causa puede ser hormonal, emocional, f\u00edsica o ambiental.<\/p>\n\n\n\n<p>En Cocl\u00e9 existen 3 m\u00e9dicos psiquiatras nombrados en el sistema de salud p\u00fablica que brindan los servicios a la poblaci\u00f3n.<\/p>\n","protected":false},"excerpt":{"rendered":"<p>Un porcentaje mayor de mujeres sobre hombres, son quienes recurren a atenci\u00f3n de salud mental en las instituciones de salud de la provincia de Cocl\u00e9, aumentando los casos en adultas mayores y adolescentes. As\u00ed se ha establecido la estad\u00edstica de cobertura psicol\u00f3gica o psiqui\u00e1trica en los \u00faltimos a\u00f1os, demarcando un buen paso en la atenci\u00f3n [&hellip;]<\/p>\n","protected":false},"author":6,"featured_media":15241,"comment_status":"open","ping_status":"open","sticky":false,"template":"","format":"standard","meta":{"footnotes":""},"categories":[1,16],"tags":[],"class_list":["post-15240","post","type-post","status-publish","format-standard","has-post-thumbnail","hentry","category-noticias","category-salud"],"_links":{"self":[{"href":"https:\/\/mifavorita.com.pa\/2017\/wp-json\/wp\/v2\/posts\/15240","targetHints":{"allow":["GET"]}}],"collection":[{"href":"https:\/\/mifavorita.com.pa\/2017\/wp-json\/wp\/v2\/posts"}],"about":[{"href":"https:\/\/mifavorita.com.pa\/2017\/wp-json\/wp\/v2\/types\/post"}],"author":[{"embeddable":true,"href":"https:\/\/mifavorita.com.pa\/2017\/wp-json\/wp\/v2\/users\/6"}],"replies":[{"embeddable":true,"href":"https:\/\/mifavorita.com.pa\/2017\/wp-json\/wp\/v2\/comments?post=15240"}],"version-history":[{"count":1,"href":"https:\/\/mifavorita.com.pa\/2017\/wp-json\/wp\/v2\/posts\/15240\/revisions"}],"predecessor-version":[{"id":15242,"href":"https:\/\/mifavorita.com.pa\/2017\/wp-json\/wp\/v2\/posts\/15240\/revisions\/15242"}],"wp:featuredmedia":[{"embeddable":true,"href":"https:\/\/mifavorita.com.pa\/2017\/wp-json\/wp\/v2\/media\/15241"}],"wp:attachment":[{"href":"https:\/\/mifavorita.com.pa\/2017\/wp-json\/wp\/v2\/media?parent=15240"}],"wp:term":[{"taxonomy":"category","embeddable":true,"href":"https:\/\/mifavorita.com.pa\/2017\/wp-json\/wp\/v2\/categories?post=15240"},{"taxonomy":"post_tag","embeddable":true,"href":"https:\/\/mifavorita.com.pa\/2017\/wp-json\/wp\/v2\/tags?post=15240"}],"curies":[{"name":"wp","href":"https:\/\/api.w.org\/{rel}","templated":true}]}}