{"id":15243,"date":"2025-01-21T19:55:54","date_gmt":"2025-01-21T19:55:54","guid":{"rendered":"https:\/\/mifavorita.com.pa\/2017\/?p=15243"},"modified":"2025-01-21T19:56:36","modified_gmt":"2025-01-21T19:56:36","slug":"realizaron-inspecciones-en-areas-agricolas-de-nata-para-verificar-casos-de-trabajo-infantil","status":"publish","type":"post","link":"https:\/\/mifavorita.com.pa\/2017\/realizaron-inspecciones-en-areas-agricolas-de-nata-para-verificar-casos-de-trabajo-infantil\/","title":{"rendered":"REALIZARON INSPECCIONES EN \u00c1REAS AGR\u00cdCOLAS DE NAT\u00c1 PARA VERIFICAR CASOS DE TRABAJO INFANTIL"},"content":{"rendered":"\n<figure class=\"wp-block-image size-large\"><img fetchpriority=\"high\" decoding=\"async\" width=\"1024\" height=\"461\" src=\"https:\/\/mifavorita.com.pa\/2017\/wp-content\/uploads\/2025\/01\/IMG_4871-1024x461.jpg\" alt=\"\" class=\"wp-image-15245\" srcset=\"https:\/\/mifavorita.com.pa\/2017\/wp-content\/uploads\/2025\/01\/IMG_4871-1024x461.jpg 1024w, https:\/\/mifavorita.com.pa\/2017\/wp-content\/uploads\/2025\/01\/IMG_4871-300x135.jpg 300w, https:\/\/mifavorita.com.pa\/2017\/wp-content\/uploads\/2025\/01\/IMG_4871-768x346.jpg 768w, https:\/\/mifavorita.com.pa\/2017\/wp-content\/uploads\/2025\/01\/IMG_4871-1536x692.jpg 1536w, https:\/\/mifavorita.com.pa\/2017\/wp-content\/uploads\/2025\/01\/IMG_4871-700x315.jpg 700w, https:\/\/mifavorita.com.pa\/2017\/wp-content\/uploads\/2025\/01\/IMG_4871-500x225.jpg 500w, https:\/\/mifavorita.com.pa\/2017\/wp-content\/uploads\/2025\/01\/IMG_4871.jpg 1600w\" sizes=\"(max-width: 1024px) 100vw, 1024px\" \/><\/figure>\n\n\n\n<p>Para prevenir el trabajo infantil, el Ministerio de Trabajo junto a la Polic\u00eda Nacional, realiz\u00f3 recientemente jornadas de inspecci\u00f3n en \u00e1reas agr\u00edcolas de la provincia de Cocl\u00e9, espec\u00edficamente en el distrito de Nat\u00e1, en lugares conocidos como Margar\u00eda Y Chumung\u00fa.<\/p>\n\n\n\n<p>En los recorridos, no se encontraron menores laborando, pero se realiz\u00f3 la sensibilizaci\u00f3n en los due\u00f1os y administradores de fincas agr\u00edcolas, sobre los peligros que acarrea para un ni\u00f1o ser expuesto a estos trabajos, as\u00ed tambi\u00e9n los correctivos que se les aplican.<\/p>\n\n\n\n<figure class=\"wp-block-image size-large\"><img decoding=\"async\" width=\"1024\" height=\"460\" src=\"https:\/\/mifavorita.com.pa\/2017\/wp-content\/uploads\/2025\/01\/IMG_4870-1024x460.jpg\" alt=\"\" class=\"wp-image-15246\" srcset=\"https:\/\/mifavorita.com.pa\/2017\/wp-content\/uploads\/2025\/01\/IMG_4870-1024x460.jpg 1024w, https:\/\/mifavorita.com.pa\/2017\/wp-content\/uploads\/2025\/01\/IMG_4870-300x135.jpg 300w, https:\/\/mifavorita.com.pa\/2017\/wp-content\/uploads\/2025\/01\/IMG_4870-768x345.jpg 768w, https:\/\/mifavorita.com.pa\/2017\/wp-content\/uploads\/2025\/01\/IMG_4870-700x314.jpg 700w, https:\/\/mifavorita.com.pa\/2017\/wp-content\/uploads\/2025\/01\/IMG_4870-500x225.jpg 500w, https:\/\/mifavorita.com.pa\/2017\/wp-content\/uploads\/2025\/01\/IMG_4870.jpg 1280w\" sizes=\"(max-width: 1024px) 100vw, 1024px\" \/><\/figure>\n\n\n\n<p>Para este tipo de trabajo, no se otorgan permisos para adolescentes por la peligrosidad f\u00edsica y emocional que representa para el menor de edad, estando prohibido en la legislaci\u00f3n, siendo establecida como una de las perores formas de trabajo infantil, seg\u00fan el Convenio numero 182 de la Organizaci\u00f3n Internacional del Trabajo.<\/p>\n\n\n\n<p>Las zonas de Margar\u00eda y Chumung\u00fa son conocidas por sus sembrad\u00edos de aj\u00ed y cebollas, y tienen una gran parte de poblaci\u00f3n ind\u00edgena que se ha trasladado con sus familias para laborar en la zona.<\/p>\n\n\n\n<p>El MITRADEL indic\u00f3 que seguir\u00e1n realizando las inspecciones para detectar menores trabajando, y erradicar por fin esta situaci\u00f3n en el pa\u00eds, ya que aunque las estad\u00edsticas de casos son bajas, no son nulas.<\/p>\n\n\n\n<figure class=\"wp-block-image size-large\"><img decoding=\"async\" width=\"1024\" height=\"461\" src=\"https:\/\/mifavorita.com.pa\/2017\/wp-content\/uploads\/2025\/01\/IMG_4872-1024x461.jpg\" alt=\"\" class=\"wp-image-15247\" srcset=\"https:\/\/mifavorita.com.pa\/2017\/wp-content\/uploads\/2025\/01\/IMG_4872-1024x461.jpg 1024w, https:\/\/mifavorita.com.pa\/2017\/wp-content\/uploads\/2025\/01\/IMG_4872-300x135.jpg 300w, https:\/\/mifavorita.com.pa\/2017\/wp-content\/uploads\/2025\/01\/IMG_4872-768x346.jpg 768w, https:\/\/mifavorita.com.pa\/2017\/wp-content\/uploads\/2025\/01\/IMG_4872-1536x692.jpg 1536w, https:\/\/mifavorita.com.pa\/2017\/wp-content\/uploads\/2025\/01\/IMG_4872-700x315.jpg 700w, https:\/\/mifavorita.com.pa\/2017\/wp-content\/uploads\/2025\/01\/IMG_4872-500x225.jpg 500w, https:\/\/mifavorita.com.pa\/2017\/wp-content\/uploads\/2025\/01\/IMG_4872.jpg 1600w\" sizes=\"(max-width: 1024px) 100vw, 1024px\" \/><\/figure>\n\n\n\n<p><\/p>\n","protected":false},"excerpt":{"rendered":"<p>Para prevenir el trabajo infantil, el Ministerio de Trabajo junto a la Polic\u00eda Nacional, realiz\u00f3 recientemente jornadas de inspecci\u00f3n en \u00e1reas agr\u00edcolas de la provincia de Cocl\u00e9, espec\u00edficamente en el distrito de Nat\u00e1, en lugares conocidos como Margar\u00eda Y Chumung\u00fa. En los recorridos, no se encontraron menores laborando, pero se realiz\u00f3 la sensibilizaci\u00f3n en los [&hellip;]<\/p>\n","protected":false},"author":6,"featured_media":15244,"comment_status":"open","ping_status":"open","sticky":false,"template":"","format":"standard","meta":{"footnotes":""},"categories":[17,1],"tags":[],"class_list":["post-15243","post","type-post","status-publish","format-standard","has-post-thumbnail","hentry","category-comunitaria","category-noticias"],"_links":{"self":[{"href":"https:\/\/mifavorita.com.pa\/2017\/wp-json\/wp\/v2\/posts\/15243","targetHints":{"allow":["GET"]}}],"collection":[{"href":"https:\/\/mifavorita.com.pa\/2017\/wp-json\/wp\/v2\/posts"}],"about":[{"href":"https:\/\/mifavorita.com.pa\/2017\/wp-json\/wp\/v2\/types\/post"}],"author":[{"embeddable":true,"href":"https:\/\/mifavorita.com.pa\/2017\/wp-json\/wp\/v2\/users\/6"}],"replies":[{"embeddable":true,"href":"https:\/\/mifavorita.com.pa\/2017\/wp-json\/wp\/v2\/comments?post=15243"}],"version-history":[{"count":1,"href":"https:\/\/mifavorita.com.pa\/2017\/wp-json\/wp\/v2\/posts\/15243\/revisions"}],"predecessor-version":[{"id":15248,"href":"https:\/\/mifavorita.com.pa\/2017\/wp-json\/wp\/v2\/posts\/15243\/revisions\/15248"}],"wp:featuredmedia":[{"embeddable":true,"href":"https:\/\/mifavorita.com.pa\/2017\/wp-json\/wp\/v2\/media\/15244"}],"wp:attachment":[{"href":"https:\/\/mifavorita.com.pa\/2017\/wp-json\/wp\/v2\/media?parent=15243"}],"wp:term":[{"taxonomy":"category","embeddable":true,"href":"https:\/\/mifavorita.com.pa\/2017\/wp-json\/wp\/v2\/categories?post=15243"},{"taxonomy":"post_tag","embeddable":true,"href":"https:\/\/mifavorita.com.pa\/2017\/wp-json\/wp\/v2\/tags?post=15243"}],"curies":[{"name":"wp","href":"https:\/\/api.w.org\/{rel}","templated":true}]}}