{"id":15250,"date":"2025-01-21T20:21:14","date_gmt":"2025-01-21T20:21:14","guid":{"rendered":"https:\/\/mifavorita.com.pa\/2017\/?p=15250"},"modified":"2025-01-21T20:21:14","modified_gmt":"2025-01-21T20:21:14","slug":"ministerio-de-salud-anuncia-cronograma-de-vacunacion-y-giras-integrales-en-cocle","status":"publish","type":"post","link":"https:\/\/mifavorita.com.pa\/2017\/ministerio-de-salud-anuncia-cronograma-de-vacunacion-y-giras-integrales-en-cocle\/","title":{"rendered":"MINISTERIO DE SALUD ANUNCIA CRONOGRAMA DE VACUNACI\u00d3N Y GIRAS INTEGRALES EN COCL\u00c9"},"content":{"rendered":"\n<p><\/p>\n\n\n\n<figure class=\"wp-block-gallery has-nested-images columns-default is-cropped wp-block-gallery-1 is-layout-flex wp-block-gallery-is-layout-flex\">\n<figure class=\"wp-block-image size-large\"><img fetchpriority=\"high\" decoding=\"async\" width=\"275\" height=\"183\" data-id=\"15251\" src=\"https:\/\/mifavorita.com.pa\/2017\/wp-content\/uploads\/2025\/01\/vacunacion.jpeg\" alt=\"\" class=\"wp-image-15251\"\/><\/figure>\n<\/figure>\n\n\n\n<p>El Ministerio de Salud, a trav\u00e9s del Departamento de Enfermer\u00eda, dio a conocer el cronograma de actividades que se llevar\u00e1 a cabo en la provincia de Cocl\u00e9 del lunes 20 al viernes 24 de enero. La licenciada Querube D\u00edaz, vocera del departamento, inform\u00f3 que las jornadas incluir\u00e1n vacunaci\u00f3n, visitas casa por casa y giras integrales en varias comunidades, con el objetivo de garantizar la atenci\u00f3n m\u00e9dica a la poblaci\u00f3n.<\/p>\n\n\n\n<p>El martes 21 de enero, las actividades iniciar\u00e1n con vacunaci\u00f3n casa por casa en la comunidad de Corralito del Cortezo, adem\u00e1s de jornadas de vacunaci\u00f3n en el supermercado M\u00eda, en Nat\u00e1. Tambi\u00e9n se desarrollar\u00e1 una gira integral en la comunidad de Llano La Palma, donde los residentes recibir\u00e1n atenci\u00f3n en la Casa Comunal, mientras que en el Puesto de Salud de Tranquilla se ofrecer\u00e1n servicios m\u00e9dicos integrales.<\/p>\n\n\n\n<p>El mi\u00e9rcoles 22, continuar\u00e1n las actividades en el Puesto de Salud del Cortezo, donde se estar\u00e1n aplicando vacunas, mientras que en Llano La Palma se realizar\u00e1 una nueva jornada de atenci\u00f3n integral en la Casa Comunal.<\/p>\n\n\n\n<p>Para el jueves 23, las actividades se trasladar\u00e1n al \u00e1rea de Pocky, en calle La Ci\u00e9nega, donde se realizar\u00e1 vacunaci\u00f3n casa por casa. Lo mismo ocurrir\u00e1 en la comunidad de La Sota. Adem\u00e1s, el equipo m\u00e9dico visitar\u00e1 a pacientes encamados en el sector de Olaca, en el distrito de Ol\u00e1. Ese d\u00eda tambi\u00e9n habr\u00e1 una gira integral en el Puesto de Salud de San Juan de Dios.<\/p>\n\n\n\n<p>El viernes 24 culminar\u00e1 la semana de actividades con una gira integral en la comunidad de Caballero, en el distrito de Ant\u00f3n, as\u00ed como en el Puesto de Salud de Cabuya, en el \u00e1rea de Santa Rita.<\/p>\n\n\n\n<p>La licenciada D\u00edaz record\u00f3 a la poblaci\u00f3n que todas las instalaciones de salud en la provincia est\u00e1n disponibles de lunes a viernes para ofrecer servicios m\u00e9dicos y vacunaci\u00f3n. Hizo un llamado especial a los padres de familia para que aprovechen las vacaciones escolares y pongan al d\u00eda los controles de salud y esquemas de vacunaci\u00f3n de los ni\u00f1os menores de cinco a\u00f1os, escolares y adolescentes. Tambi\u00e9n inst\u00f3 a los adultos y adultos mayores a participar en estas jornadas.<\/p>\n\n\n\n<p>Finalmente, la funcionaria comparti\u00f3 recomendaciones importantes para protegerse del sol durante esta temporada. Destac\u00f3 la importancia de utilizar protector solar con un factor de al menos 30, aplic\u00e1ndolo 20 a 30 minutos antes de exponerse al sol y renov\u00e1ndolo cada dos o tres horas. Tambi\u00e9n recomend\u00f3 el uso de gafas de sol, sombreros y ropa adecuada, adem\u00e1s de mantenerse hidratado y evitar la exposici\u00f3n en las horas de mayor intensidad solar.<\/p>\n","protected":false},"excerpt":{"rendered":"<p>El Ministerio de Salud, a trav\u00e9s del Departamento de Enfermer\u00eda, dio a conocer el cronograma de actividades que se llevar\u00e1 a cabo en la provincia de Cocl\u00e9 del lunes 20 al viernes 24 de enero. La licenciada Querube D\u00edaz, vocera del departamento, inform\u00f3 que las jornadas incluir\u00e1n vacunaci\u00f3n, visitas casa por casa y giras integrales [&hellip;]<\/p>\n","protected":false},"author":7,"featured_media":15251,"comment_status":"open","ping_status":"open","sticky":false,"template":"","format":"standard","meta":{"footnotes":""},"categories":[1,16],"tags":[],"class_list":["post-15250","post","type-post","status-publish","format-standard","has-post-thumbnail","hentry","category-noticias","category-salud"],"_links":{"self":[{"href":"https:\/\/mifavorita.com.pa\/2017\/wp-json\/wp\/v2\/posts\/15250","targetHints":{"allow":["GET"]}}],"collection":[{"href":"https:\/\/mifavorita.com.pa\/2017\/wp-json\/wp\/v2\/posts"}],"about":[{"href":"https:\/\/mifavorita.com.pa\/2017\/wp-json\/wp\/v2\/types\/post"}],"author":[{"embeddable":true,"href":"https:\/\/mifavorita.com.pa\/2017\/wp-json\/wp\/v2\/users\/7"}],"replies":[{"embeddable":true,"href":"https:\/\/mifavorita.com.pa\/2017\/wp-json\/wp\/v2\/comments?post=15250"}],"version-history":[{"count":1,"href":"https:\/\/mifavorita.com.pa\/2017\/wp-json\/wp\/v2\/posts\/15250\/revisions"}],"predecessor-version":[{"id":15252,"href":"https:\/\/mifavorita.com.pa\/2017\/wp-json\/wp\/v2\/posts\/15250\/revisions\/15252"}],"wp:featuredmedia":[{"embeddable":true,"href":"https:\/\/mifavorita.com.pa\/2017\/wp-json\/wp\/v2\/media\/15251"}],"wp:attachment":[{"href":"https:\/\/mifavorita.com.pa\/2017\/wp-json\/wp\/v2\/media?parent=15250"}],"wp:term":[{"taxonomy":"category","embeddable":true,"href":"https:\/\/mifavorita.com.pa\/2017\/wp-json\/wp\/v2\/categories?post=15250"},{"taxonomy":"post_tag","embeddable":true,"href":"https:\/\/mifavorita.com.pa\/2017\/wp-json\/wp\/v2\/tags?post=15250"}],"curies":[{"name":"wp","href":"https:\/\/api.w.org\/{rel}","templated":true}]}}