{"id":15254,"date":"2025-01-22T19:25:09","date_gmt":"2025-01-22T19:25:09","guid":{"rendered":"https:\/\/mifavorita.com.pa\/2017\/?p=15254"},"modified":"2025-01-22T19:25:53","modified_gmt":"2025-01-22T19:25:53","slug":"paleros-de-cocle-expresan-preocupaciones-sobre-regulacion-de-la-extraccion-de-arena-en-reunion-con-autoridades","status":"publish","type":"post","link":"https:\/\/mifavorita.com.pa\/2017\/paleros-de-cocle-expresan-preocupaciones-sobre-regulacion-de-la-extraccion-de-arena-en-reunion-con-autoridades\/","title":{"rendered":"PALEROS DE COCL\u00c9 EXPRESAN PREOCUPACIONES SOBRE REGULACI\u00d3N DE LA EXTRACCI\u00d3N DE ARENA EN REUNI\u00d3N CON AUTORIDADES"},"content":{"rendered":"\n<figure class=\"wp-block-gallery has-nested-images columns-default is-cropped wp-block-gallery-1 is-layout-flex wp-block-gallery-is-layout-flex\">\n<figure class=\"wp-block-image size-large\"><img fetchpriority=\"high\" decoding=\"async\" width=\"1024\" height=\"576\" data-id=\"15255\" src=\"https:\/\/mifavorita.com.pa\/2017\/wp-content\/uploads\/2025\/01\/paleros1-1024x576.jpg\" alt=\"\" class=\"wp-image-15255\" srcset=\"https:\/\/mifavorita.com.pa\/2017\/wp-content\/uploads\/2025\/01\/paleros1-1024x576.jpg 1024w, https:\/\/mifavorita.com.pa\/2017\/wp-content\/uploads\/2025\/01\/paleros1-300x169.jpg 300w, https:\/\/mifavorita.com.pa\/2017\/wp-content\/uploads\/2025\/01\/paleros1-768x432.jpg 768w, https:\/\/mifavorita.com.pa\/2017\/wp-content\/uploads\/2025\/01\/paleros1-1536x864.jpg 1536w, https:\/\/mifavorita.com.pa\/2017\/wp-content\/uploads\/2025\/01\/paleros1-700x394.jpg 700w, https:\/\/mifavorita.com.pa\/2017\/wp-content\/uploads\/2025\/01\/paleros1-500x281.jpg 500w, https:\/\/mifavorita.com.pa\/2017\/wp-content\/uploads\/2025\/01\/paleros1.jpg 1600w\" sizes=\"(max-width: 1024px) 100vw, 1024px\" \/><\/figure>\n<\/figure>\n\n\n\n<p>Un grupo de 13 paleros del sector de Garic\u00edn, en el distrito de Penonom\u00e9, expresaron su preocupaci\u00f3n hoy, 22 de enero de 2025, durante una reuni\u00f3n con autoridades locales en la Gobernaci\u00f3n de la provincia, donde su inquietud principal era por los permisos para continuar con la actividad de extracci\u00f3n de arena a la que se dedican.<\/p>\n\n\n\n<p>Aurelio Gallardo, dirigente del grupo del corregimiento de R\u00edo Grande, indic\u00f3 que lo que los motiv\u00f3 a dicha reuni\u00f3n era la falta de informaci\u00f3n referente a c\u00f3mo se iba a manejar este tema con el nuevo gobierno; dudas que fueron disipadas tras escuchar a las autoridades con buenas noticias para ellos, ya que se mencion\u00f3 en la reuni\u00f3n que s\u00ed se les dar\u00edan los permisos para que continuaran con la actividad siempre y cuando cumplieran con ciertas normas.<\/p>\n\n\n\n<figure class=\"wp-block-gallery has-nested-images columns-default is-cropped wp-block-gallery-2 is-layout-flex wp-block-gallery-is-layout-flex\">\n<figure class=\"wp-block-image size-large\"><img decoding=\"async\" width=\"1024\" height=\"576\" data-id=\"15256\" src=\"https:\/\/mifavorita.com.pa\/2017\/wp-content\/uploads\/2025\/01\/paleros-1024x576.jpg\" alt=\"\" class=\"wp-image-15256\" srcset=\"https:\/\/mifavorita.com.pa\/2017\/wp-content\/uploads\/2025\/01\/paleros-1024x576.jpg 1024w, https:\/\/mifavorita.com.pa\/2017\/wp-content\/uploads\/2025\/01\/paleros-300x169.jpg 300w, https:\/\/mifavorita.com.pa\/2017\/wp-content\/uploads\/2025\/01\/paleros-768x432.jpg 768w, https:\/\/mifavorita.com.pa\/2017\/wp-content\/uploads\/2025\/01\/paleros-1536x864.jpg 1536w, https:\/\/mifavorita.com.pa\/2017\/wp-content\/uploads\/2025\/01\/paleros-700x394.jpg 700w, https:\/\/mifavorita.com.pa\/2017\/wp-content\/uploads\/2025\/01\/paleros-500x281.jpg 500w, https:\/\/mifavorita.com.pa\/2017\/wp-content\/uploads\/2025\/01\/paleros.jpg 1600w\" sizes=\"(max-width: 1024px) 100vw, 1024px\" \/><\/figure>\n<\/figure>\n\n\n\n<p>En el encuentro, Edwin Chanis, director del Ministerio de Comercio e Industrias (MICI) en Cocl\u00e9, indic\u00f3 que, a partir de la fecha, los paleros deber\u00e1n registrarse en los municipios correspondientes y someterse a inspecciones en los centros de extracci\u00f3n, en conjunto con el Ministerio de Ambiente. Adem\u00e1s, tendr\u00e1n que cumplir con el pago de impuestos municipales y garantizar que la actividad se realice de manera sostenible, sin da\u00f1ar los cauces de riego ni las orillas de los r\u00edos.<\/p>\n\n\n\n<p>Chanis tambi\u00e9n subray\u00f3 que el objetivo es asegurar que la extracci\u00f3n de arena se haga de manera responsable y que no se afecte el medio ambiente. En cuanto a los impuestos, explic\u00f3 que el municipio cobrar\u00e1 por cada 40 metros c\u00fabicos extra\u00eddos, buscando regular la actividad y fomentar su continuidad de forma sostenible.<\/p>\n","protected":false},"excerpt":{"rendered":"<p>Un grupo de 13 paleros del sector de Garic\u00edn, en el distrito de Penonom\u00e9, expresaron su preocupaci\u00f3n hoy, 22 de enero de 2025, durante una reuni\u00f3n con autoridades locales en la Gobernaci\u00f3n de la provincia, donde su inquietud principal era por los permisos para continuar con la actividad de extracci\u00f3n de arena a la que [&hellip;]<\/p>\n","protected":false},"author":7,"featured_media":15256,"comment_status":"open","ping_status":"open","sticky":false,"template":"","format":"standard","meta":{"footnotes":""},"categories":[17,1],"tags":[],"class_list":["post-15254","post","type-post","status-publish","format-standard","has-post-thumbnail","hentry","category-comunitaria","category-noticias"],"_links":{"self":[{"href":"https:\/\/mifavorita.com.pa\/2017\/wp-json\/wp\/v2\/posts\/15254","targetHints":{"allow":["GET"]}}],"collection":[{"href":"https:\/\/mifavorita.com.pa\/2017\/wp-json\/wp\/v2\/posts"}],"about":[{"href":"https:\/\/mifavorita.com.pa\/2017\/wp-json\/wp\/v2\/types\/post"}],"author":[{"embeddable":true,"href":"https:\/\/mifavorita.com.pa\/2017\/wp-json\/wp\/v2\/users\/7"}],"replies":[{"embeddable":true,"href":"https:\/\/mifavorita.com.pa\/2017\/wp-json\/wp\/v2\/comments?post=15254"}],"version-history":[{"count":1,"href":"https:\/\/mifavorita.com.pa\/2017\/wp-json\/wp\/v2\/posts\/15254\/revisions"}],"predecessor-version":[{"id":15257,"href":"https:\/\/mifavorita.com.pa\/2017\/wp-json\/wp\/v2\/posts\/15254\/revisions\/15257"}],"wp:featuredmedia":[{"embeddable":true,"href":"https:\/\/mifavorita.com.pa\/2017\/wp-json\/wp\/v2\/media\/15256"}],"wp:attachment":[{"href":"https:\/\/mifavorita.com.pa\/2017\/wp-json\/wp\/v2\/media?parent=15254"}],"wp:term":[{"taxonomy":"category","embeddable":true,"href":"https:\/\/mifavorita.com.pa\/2017\/wp-json\/wp\/v2\/categories?post=15254"},{"taxonomy":"post_tag","embeddable":true,"href":"https:\/\/mifavorita.com.pa\/2017\/wp-json\/wp\/v2\/tags?post=15254"}],"curies":[{"name":"wp","href":"https:\/\/api.w.org\/{rel}","templated":true}]}}