{"id":15262,"date":"2025-01-22T19:39:04","date_gmt":"2025-01-22T19:39:04","guid":{"rendered":"https:\/\/mifavorita.com.pa\/2017\/?p=15262"},"modified":"2025-01-22T19:40:01","modified_gmt":"2025-01-22T19:40:01","slug":"cinco-casos-de-dengue-registrados-en-cocle-en-2025-llamado-a-redoblar-medidas-de-prevencion","status":"publish","type":"post","link":"https:\/\/mifavorita.com.pa\/2017\/cinco-casos-de-dengue-registrados-en-cocle-en-2025-llamado-a-redoblar-medidas-de-prevencion\/","title":{"rendered":"CINCO CASOS DE DENGUE REGISTRADOS EN COCL\u00c9 EN 2025: LLAMADO A REDOBLAR MEDIDAS DE PREVENCI\u00d3N"},"content":{"rendered":"\n<figure class=\"wp-block-gallery has-nested-images columns-default is-cropped wp-block-gallery-1 is-layout-flex wp-block-gallery-is-layout-flex\">\n<figure class=\"wp-block-image size-large\"><img fetchpriority=\"high\" decoding=\"async\" width=\"768\" height=\"1024\" data-id=\"15263\" src=\"https:\/\/mifavorita.com.pa\/2017\/wp-content\/uploads\/2025\/01\/dra-Hidalgo--768x1024.jpg\" alt=\"\" class=\"wp-image-15263\" srcset=\"https:\/\/mifavorita.com.pa\/2017\/wp-content\/uploads\/2025\/01\/dra-Hidalgo--768x1024.jpg 768w, https:\/\/mifavorita.com.pa\/2017\/wp-content\/uploads\/2025\/01\/dra-Hidalgo--225x300.jpg 225w, https:\/\/mifavorita.com.pa\/2017\/wp-content\/uploads\/2025\/01\/dra-Hidalgo--700x933.jpg 700w, https:\/\/mifavorita.com.pa\/2017\/wp-content\/uploads\/2025\/01\/dra-Hidalgo--500x667.jpg 500w, https:\/\/mifavorita.com.pa\/2017\/wp-content\/uploads\/2025\/01\/dra-Hidalgo-.jpg 960w\" sizes=\"(max-width: 768px) 100vw, 768px\" \/><\/figure>\n<\/figure>\n\n\n\n<p>En lo que va del a\u00f1o 2025 se han registrado cinco casos de dengue en la provincia de Cocl\u00e9. De estos, cuatro no presentan signos de alarma, mientras que uno ha sido clasificado con signos de alarma. Por distrito, los casos se distribuyen en un caso en Aguadulce, uno en Ant\u00f3n y dos en Penonom\u00e9.<\/p>\n\n\n\n<p>La informaci\u00f3n fue proporcionada por la doctora Gladys Hidalgo, directora de la Regi\u00f3n de Salud de Cocl\u00e9, quien remarc\u00f3 adem\u00e1s que el a\u00f1o 2024 cerr\u00f3 con un total de 594 casos. Nat\u00e1 fue el distrito con mayor incidencia, seguido de Aguadulce y Penonom\u00e9, este \u00faltimo con 174 casos registrados. Los grupos de edad m\u00e1s afectados fueron de 35 a 49 a\u00f1os y de 50 a 59 a\u00f1os.<\/p>\n\n\n\n<p>El Ministerio de Salud reitera que la \u00fanica manera de prevenir el dengue es eliminando los criaderos del mosquito Aedes Aegypti, transmisor de la enfermedad. Se insta a la poblaci\u00f3n a eliminar el agua estancada en objetos y recipientes, mantener los patios y alrededores limpios, tapar recipientes que contengan agua y usar repelentes, especialmente en \u00e1reas con alta incidencia de dengue.<\/p>\n\n\n\n<p>La Direcci\u00f3n Regional hace un llamado a la ciudadan\u00eda para que asuma un rol activo en la prevenci\u00f3n de esta enfermedad. Mantener los hogares libres de criaderos es clave para reducir los contagios en la provincia y proteger la salud de todas las comunidades.<\/p>\n","protected":false},"excerpt":{"rendered":"<p>En lo que va del a\u00f1o 2025 se han registrado cinco casos de dengue en la provincia de Cocl\u00e9. De estos, cuatro no presentan signos de alarma, mientras que uno ha sido clasificado con signos de alarma. Por distrito, los casos se distribuyen en un caso en Aguadulce, uno en Ant\u00f3n y dos en Penonom\u00e9. [&hellip;]<\/p>\n","protected":false},"author":7,"featured_media":15263,"comment_status":"open","ping_status":"open","sticky":false,"template":"","format":"standard","meta":{"footnotes":""},"categories":[1,16],"tags":[],"class_list":["post-15262","post","type-post","status-publish","format-standard","has-post-thumbnail","hentry","category-noticias","category-salud"],"_links":{"self":[{"href":"https:\/\/mifavorita.com.pa\/2017\/wp-json\/wp\/v2\/posts\/15262","targetHints":{"allow":["GET"]}}],"collection":[{"href":"https:\/\/mifavorita.com.pa\/2017\/wp-json\/wp\/v2\/posts"}],"about":[{"href":"https:\/\/mifavorita.com.pa\/2017\/wp-json\/wp\/v2\/types\/post"}],"author":[{"embeddable":true,"href":"https:\/\/mifavorita.com.pa\/2017\/wp-json\/wp\/v2\/users\/7"}],"replies":[{"embeddable":true,"href":"https:\/\/mifavorita.com.pa\/2017\/wp-json\/wp\/v2\/comments?post=15262"}],"version-history":[{"count":1,"href":"https:\/\/mifavorita.com.pa\/2017\/wp-json\/wp\/v2\/posts\/15262\/revisions"}],"predecessor-version":[{"id":15264,"href":"https:\/\/mifavorita.com.pa\/2017\/wp-json\/wp\/v2\/posts\/15262\/revisions\/15264"}],"wp:featuredmedia":[{"embeddable":true,"href":"https:\/\/mifavorita.com.pa\/2017\/wp-json\/wp\/v2\/media\/15263"}],"wp:attachment":[{"href":"https:\/\/mifavorita.com.pa\/2017\/wp-json\/wp\/v2\/media?parent=15262"}],"wp:term":[{"taxonomy":"category","embeddable":true,"href":"https:\/\/mifavorita.com.pa\/2017\/wp-json\/wp\/v2\/categories?post=15262"},{"taxonomy":"post_tag","embeddable":true,"href":"https:\/\/mifavorita.com.pa\/2017\/wp-json\/wp\/v2\/tags?post=15262"}],"curies":[{"name":"wp","href":"https:\/\/api.w.org\/{rel}","templated":true}]}}