{"id":15266,"date":"2025-01-22T21:30:47","date_gmt":"2025-01-22T21:30:47","guid":{"rendered":"https:\/\/mifavorita.com.pa\/2017\/?p=15266"},"modified":"2025-01-22T21:31:46","modified_gmt":"2025-01-22T21:31:46","slug":"canaveral-se-une-al-festival-del-sombrero-pinta-mosquito-para-celebrar-en-grande","status":"publish","type":"post","link":"https:\/\/mifavorita.com.pa\/2017\/canaveral-se-une-al-festival-del-sombrero-pinta-mosquito-para-celebrar-en-grande\/","title":{"rendered":"CA\u00d1AVERAL SE UNE AL FESTIVAL DEL SOMBRERO PINTA MOSQUITO PARA CELEBRAR EN GRANDE"},"content":{"rendered":"\n<p>Del viernes 24 al lunes 27 de enero, Ca\u00f1averal se viste de fiesta con la celebraci\u00f3n de sus patronales, que en este 2025, tendr\u00e1n una fusi\u00f3n con el segundo Festival del Sombrero Pinta Mosquito, el cual incluir\u00e1 presentaciones folcl\u00f3ricas de grupos de todo el pa\u00eds, incluso del \u00e1rea de Volc\u00e1n, Chiriqu\u00ed, y la comarca Guna Yala, con un concurso de sombreros, actividades bailables, desfile de carretas, atracciones para ni\u00f1os y ventas de emprendimientos de la regi\u00f3n.<\/p>\n\n\n\n<p>Todas estas actividades se llevar\u00e1n a cabo en el Jard\u00edn 20 de Enero en Ca\u00f1averal, comenzando a las 7 de la noche del viernes con la inauguraci\u00f3n, amenizada con la reina 2025, Lizmarieth Lorenzo, quien envi\u00f3 una especial invitaci\u00f3n a asistir a los eventos que han organizado para resaltar lo religioso, cultural y artesanal, junto a su princesa Amaris Herrera.<\/p>\n\n\n\n<figure class=\"wp-block-image size-large\"><img fetchpriority=\"high\" decoding=\"async\" width=\"1024\" height=\"999\" src=\"https:\/\/mifavorita.com.pa\/2017\/wp-content\/uploads\/2025\/01\/IMG_4911-1024x999.jpg\" alt=\"\" class=\"wp-image-15269\" srcset=\"https:\/\/mifavorita.com.pa\/2017\/wp-content\/uploads\/2025\/01\/IMG_4911-1024x999.jpg 1024w, https:\/\/mifavorita.com.pa\/2017\/wp-content\/uploads\/2025\/01\/IMG_4911-300x293.jpg 300w, https:\/\/mifavorita.com.pa\/2017\/wp-content\/uploads\/2025\/01\/IMG_4911-768x750.jpg 768w, https:\/\/mifavorita.com.pa\/2017\/wp-content\/uploads\/2025\/01\/IMG_4911-700x683.jpg 700w, https:\/\/mifavorita.com.pa\/2017\/wp-content\/uploads\/2025\/01\/IMG_4911-500x488.jpg 500w, https:\/\/mifavorita.com.pa\/2017\/wp-content\/uploads\/2025\/01\/IMG_4911.jpg 1170w\" sizes=\"(max-width: 1024px) 100vw, 1024px\" \/><figcaption class=\"wp-element-caption\">Screenshot<\/figcaption><\/figure>\n\n\n\n<p>De parte de los organizadores del evento, explicaron que por coincidir ambos eventos la misma fecha, realizaron un lazo de amistad y amabilidad, pactando que se realizaran juntos para dar ese realce a todo el Festival.<\/p>\n\n\n\n<p>Por su parte, Jacinto Chang, del conjunto folcl\u00f3rico Penonom\u00e9 aires y ritmos y parte del Festival del Sombrero Pinta Mosquito, dijo que desde el viernes las personas disfrutar\u00e1n de las presentaciones de agrupaciones folcl\u00f3ricas, y el s\u00e1bado tendr\u00e1n un encuentro de tambores y presentaciones de cumbia.<\/p>\n\n\n\n<figure class=\"wp-block-image size-large\"><img decoding=\"async\" width=\"1024\" height=\"1020\" src=\"https:\/\/mifavorita.com.pa\/2017\/wp-content\/uploads\/2025\/01\/IMG_4912-1024x1020.jpg\" alt=\"\" class=\"wp-image-15270\" srcset=\"https:\/\/mifavorita.com.pa\/2017\/wp-content\/uploads\/2025\/01\/IMG_4912-1024x1020.jpg 1024w, https:\/\/mifavorita.com.pa\/2017\/wp-content\/uploads\/2025\/01\/IMG_4912-300x300.jpg 300w, https:\/\/mifavorita.com.pa\/2017\/wp-content\/uploads\/2025\/01\/IMG_4912-150x150.jpg 150w, https:\/\/mifavorita.com.pa\/2017\/wp-content\/uploads\/2025\/01\/IMG_4912-768x765.jpg 768w, https:\/\/mifavorita.com.pa\/2017\/wp-content\/uploads\/2025\/01\/IMG_4912-700x698.jpg 700w, https:\/\/mifavorita.com.pa\/2017\/wp-content\/uploads\/2025\/01\/IMG_4912-500x498.jpg 500w, https:\/\/mifavorita.com.pa\/2017\/wp-content\/uploads\/2025\/01\/IMG_4912.jpg 1160w\" sizes=\"(max-width: 1024px) 100vw, 1024px\" \/><figcaption class=\"wp-element-caption\">Screenshot<\/figcaption><\/figure>\n\n\n\n<p>Azael Cede\u00f1o, precursor del Festival, dijo que todo artesano que quiera participar del concurso el s\u00e1bado 25, puede acercarse con su sombrero, el cual no importar\u00e1 la cantidad de vueltas sino la calidad de la t\u00e9cnica que se le haya aplicado, con premios para los 3 mejores una vez sean evaluados por un jurado experto.<\/p>\n\n\n\n<p>Este evento busca resaltar las tradiciones del pueblo de Ca\u00f1averal, al igual que preservar la esencia del hombre y mujer del campo. Las actividades seguir\u00e1n el domingo 26 y culminar\u00e1n con una cabalgata el lunes 27.<\/p>\n\n\n\n<figure class=\"wp-block-image size-large\"><img decoding=\"async\" width=\"1024\" height=\"980\" src=\"https:\/\/mifavorita.com.pa\/2017\/wp-content\/uploads\/2025\/01\/IMG_4883-1024x980.png\" alt=\"\" class=\"wp-image-15271\" srcset=\"https:\/\/mifavorita.com.pa\/2017\/wp-content\/uploads\/2025\/01\/IMG_4883-1024x980.png 1024w, https:\/\/mifavorita.com.pa\/2017\/wp-content\/uploads\/2025\/01\/IMG_4883-300x287.png 300w, https:\/\/mifavorita.com.pa\/2017\/wp-content\/uploads\/2025\/01\/IMG_4883-768x735.png 768w, https:\/\/mifavorita.com.pa\/2017\/wp-content\/uploads\/2025\/01\/IMG_4883-700x670.png 700w, https:\/\/mifavorita.com.pa\/2017\/wp-content\/uploads\/2025\/01\/IMG_4883-500x479.png 500w, https:\/\/mifavorita.com.pa\/2017\/wp-content\/uploads\/2025\/01\/IMG_4883.png 1170w\" sizes=\"(max-width: 1024px) 100vw, 1024px\" \/><\/figure>\n","protected":false},"excerpt":{"rendered":"<p>Del viernes 24 al lunes 27 de enero, Ca\u00f1averal se viste de fiesta con la celebraci\u00f3n de sus patronales, que en este 2025, tendr\u00e1n una fusi\u00f3n con el segundo Festival del Sombrero Pinta Mosquito, el cual incluir\u00e1 presentaciones folcl\u00f3ricas de grupos de todo el pa\u00eds, incluso del \u00e1rea de Volc\u00e1n, Chiriqu\u00ed, y la comarca Guna [&hellip;]<\/p>\n","protected":false},"author":6,"featured_media":15268,"comment_status":"open","ping_status":"open","sticky":false,"template":"","format":"standard","meta":{"footnotes":""},"categories":[30,1],"tags":[],"class_list":["post-15266","post","type-post","status-publish","format-standard","has-post-thumbnail","hentry","category-cultura","category-noticias"],"_links":{"self":[{"href":"https:\/\/mifavorita.com.pa\/2017\/wp-json\/wp\/v2\/posts\/15266","targetHints":{"allow":["GET"]}}],"collection":[{"href":"https:\/\/mifavorita.com.pa\/2017\/wp-json\/wp\/v2\/posts"}],"about":[{"href":"https:\/\/mifavorita.com.pa\/2017\/wp-json\/wp\/v2\/types\/post"}],"author":[{"embeddable":true,"href":"https:\/\/mifavorita.com.pa\/2017\/wp-json\/wp\/v2\/users\/6"}],"replies":[{"embeddable":true,"href":"https:\/\/mifavorita.com.pa\/2017\/wp-json\/wp\/v2\/comments?post=15266"}],"version-history":[{"count":2,"href":"https:\/\/mifavorita.com.pa\/2017\/wp-json\/wp\/v2\/posts\/15266\/revisions"}],"predecessor-version":[{"id":15272,"href":"https:\/\/mifavorita.com.pa\/2017\/wp-json\/wp\/v2\/posts\/15266\/revisions\/15272"}],"wp:featuredmedia":[{"embeddable":true,"href":"https:\/\/mifavorita.com.pa\/2017\/wp-json\/wp\/v2\/media\/15268"}],"wp:attachment":[{"href":"https:\/\/mifavorita.com.pa\/2017\/wp-json\/wp\/v2\/media?parent=15266"}],"wp:term":[{"taxonomy":"category","embeddable":true,"href":"https:\/\/mifavorita.com.pa\/2017\/wp-json\/wp\/v2\/categories?post=15266"},{"taxonomy":"post_tag","embeddable":true,"href":"https:\/\/mifavorita.com.pa\/2017\/wp-json\/wp\/v2\/tags?post=15266"}],"curies":[{"name":"wp","href":"https:\/\/api.w.org\/{rel}","templated":true}]}}