{"id":15273,"date":"2025-01-22T21:36:22","date_gmt":"2025-01-22T21:36:22","guid":{"rendered":"https:\/\/mifavorita.com.pa\/2017\/?p=15273"},"modified":"2025-01-22T22:43:24","modified_gmt":"2025-01-22T22:43:24","slug":"productores-solicitan-mejoras-a-sus-caminos-mida-indica-que-muchos-sectores-han-sido-incluidos-en-programas-otros-deben-solicitarlo","status":"publish","type":"post","link":"https:\/\/mifavorita.com.pa\/2017\/productores-solicitan-mejoras-a-sus-caminos-mida-indica-que-muchos-sectores-han-sido-incluidos-en-programas-otros-deben-solicitarlo\/","title":{"rendered":"PRODUCTORES SOLICITAN MEJORAS A SUS CAMINOS, MIDA INDICA QUE MUCHOS SECTORES HAN SIDO INCLUIDOS EN PROGRAMAS"},"content":{"rendered":"\n<p>Productores de diversos rubros de la provincia de Cocl\u00e9 se mantienen a la expectativa para el mejoramiento de sus caminos de acceso, por lo que solicitan al Ministerio de Desarrollo Agropecuario, ser tomados en cuenta y beneficiarlos con el programa de rehabilitaci\u00f3n de caminos. Durante este verano, ya se mantiene una planificaci\u00f3n para realizar mejoras en diversos puntos.<\/p>\n\n\n\n<p>Esta preocupaci\u00f3n fue planteada por el productor Sixto Cede\u00f1o, quien solicit\u00f3 el apoyo en la rehabilitaci\u00f3n de una v\u00eda ubicada cerca al puente sobre el R\u00edo Chico en Nat\u00e1 de Los Caballeros, que conduce a terrenos de sembrad\u00edos de cebolla, la cual se encuentra intransitable, y han acudido a productores vecinos para poder ingresar a sus terrenos y as\u00ed sacar los productos<\/p>\n\n\n\n<p>Por su parte el secretario t\u00e9cnico del Ministerio de Desarrollo Agropecuario en Cocl\u00e9, Youssed Sayad, indic\u00f3 que precisamente esta zona se ha incluido en programas de mejoramiento, el cual es parte del Plan Sequ\u00eda, por lo que piden a los productores un poco de paciencia.<\/p>\n\n\n\n<p>En el caso de otras zonas, el secretario t\u00e9cnico recomend\u00f3 a los productores acercarse a la su agencia del MIDA m\u00e1s cercana, a consultar sobre qu\u00e9 proyectos se tienen planificados, y en caso de no estar incluidas sus comunidades, realizar la solicitud.<\/p>\n\n\n\n<p>Otro productor del \u00e1rea de Santana del corregimiento de San Miguel, indic\u00f3 que tambi\u00e9n reciente la falta de caminos en su sector para poder sacar productos como el caf\u00e9, y espera tambi\u00e9n ser tomados en cuenta, ya que pr\u00e1cticamente deben regalar las cosechas, ya que los veh\u00edculos suelen da\u00f1arse con los productos, y representan p\u00e9rdidas a la inversi\u00f3n, misma que siempre representa una esperanza a sus hogares.<\/p>\n\n\n\n<p>Durante todo el verano y el resto del a\u00f1o, el MIDA se mantendr\u00e1 con el programa de rehabilitaci\u00f3n de caminos para productores en todo el pa\u00eds.<\/p>\n","protected":false},"excerpt":{"rendered":"<p>Productores de diversos rubros de la provincia de Cocl\u00e9 se mantienen a la expectativa para el mejoramiento de sus caminos de acceso, por lo que solicitan al Ministerio de Desarrollo Agropecuario, ser tomados en cuenta y beneficiarlos con el programa de rehabilitaci\u00f3n de caminos. Durante este verano, ya se mantiene una planificaci\u00f3n para realizar mejoras [&hellip;]<\/p>\n","protected":false},"author":6,"featured_media":15274,"comment_status":"open","ping_status":"open","sticky":false,"template":"","format":"standard","meta":{"footnotes":""},"categories":[29,1],"tags":[],"class_list":["post-15273","post","type-post","status-publish","format-standard","has-post-thumbnail","hentry","category-agro-negocios","category-noticias"],"_links":{"self":[{"href":"https:\/\/mifavorita.com.pa\/2017\/wp-json\/wp\/v2\/posts\/15273","targetHints":{"allow":["GET"]}}],"collection":[{"href":"https:\/\/mifavorita.com.pa\/2017\/wp-json\/wp\/v2\/posts"}],"about":[{"href":"https:\/\/mifavorita.com.pa\/2017\/wp-json\/wp\/v2\/types\/post"}],"author":[{"embeddable":true,"href":"https:\/\/mifavorita.com.pa\/2017\/wp-json\/wp\/v2\/users\/6"}],"replies":[{"embeddable":true,"href":"https:\/\/mifavorita.com.pa\/2017\/wp-json\/wp\/v2\/comments?post=15273"}],"version-history":[{"count":2,"href":"https:\/\/mifavorita.com.pa\/2017\/wp-json\/wp\/v2\/posts\/15273\/revisions"}],"predecessor-version":[{"id":15276,"href":"https:\/\/mifavorita.com.pa\/2017\/wp-json\/wp\/v2\/posts\/15273\/revisions\/15276"}],"wp:featuredmedia":[{"embeddable":true,"href":"https:\/\/mifavorita.com.pa\/2017\/wp-json\/wp\/v2\/media\/15274"}],"wp:attachment":[{"href":"https:\/\/mifavorita.com.pa\/2017\/wp-json\/wp\/v2\/media?parent=15273"}],"wp:term":[{"taxonomy":"category","embeddable":true,"href":"https:\/\/mifavorita.com.pa\/2017\/wp-json\/wp\/v2\/categories?post=15273"},{"taxonomy":"post_tag","embeddable":true,"href":"https:\/\/mifavorita.com.pa\/2017\/wp-json\/wp\/v2\/tags?post=15273"}],"curies":[{"name":"wp","href":"https:\/\/api.w.org\/{rel}","templated":true}]}}