{"id":15277,"date":"2025-01-23T17:38:11","date_gmt":"2025-01-23T17:38:11","guid":{"rendered":"https:\/\/mifavorita.com.pa\/2017\/?p=15277"},"modified":"2025-01-23T17:38:59","modified_gmt":"2025-01-23T17:38:59","slug":"ministerio-de-salud-lanza-campana-risa-con-el-lema-come-sano-muevete-y-vive-mejor-en-penonome","status":"publish","type":"post","link":"https:\/\/mifavorita.com.pa\/2017\/ministerio-de-salud-lanza-campana-risa-con-el-lema-come-sano-muevete-y-vive-mejor-en-penonome\/","title":{"rendered":"MINISTERIO DE SALUD LANZA CAMPA\u00d1A RISA CON EL LEMA \u00abCOME SANO, MU\u00c9VETE Y VIVE MEJOR\u00bb EN PENONOM\u00c9"},"content":{"rendered":"\n<figure class=\"wp-block-gallery has-nested-images columns-default is-cropped wp-block-gallery-1 is-layout-flex wp-block-gallery-is-layout-flex\">\n<figure class=\"wp-block-image size-large\"><img fetchpriority=\"high\" decoding=\"async\" width=\"1024\" height=\"986\" data-id=\"15278\" src=\"https:\/\/mifavorita.com.pa\/2017\/wp-content\/uploads\/2025\/01\/gina-1024x986.jpg\" alt=\"\" class=\"wp-image-15278\" srcset=\"https:\/\/mifavorita.com.pa\/2017\/wp-content\/uploads\/2025\/01\/gina-1024x986.jpg 1024w, https:\/\/mifavorita.com.pa\/2017\/wp-content\/uploads\/2025\/01\/gina-300x289.jpg 300w, https:\/\/mifavorita.com.pa\/2017\/wp-content\/uploads\/2025\/01\/gina-768x739.jpg 768w, https:\/\/mifavorita.com.pa\/2017\/wp-content\/uploads\/2025\/01\/gina-700x674.jpg 700w, https:\/\/mifavorita.com.pa\/2017\/wp-content\/uploads\/2025\/01\/gina-500x481.jpg 500w, https:\/\/mifavorita.com.pa\/2017\/wp-content\/uploads\/2025\/01\/gina.jpg 1280w\" sizes=\"(max-width: 1024px) 100vw, 1024px\" \/><\/figure>\n<\/figure>\n\n\n\n<p>El Ministerio de Salud, en conjunto con la Organizaci\u00f3n Panamericana de la Salud y la Organizaci\u00f3n Mundial de la Salud, anunciar\u00e1 el lanzamiento oficial de su campa\u00f1a RISA con el lema \u201ccome sano, mu\u00e9vete y vive mejor\u00bb el pr\u00f3ximo martes 28 de enero. Este evento se llevar\u00e1 a cabo en el Parque 8 de diciembre de la ciudad de Penonom\u00e9, en un horario de 3:00 p.m. a 6:00 p.m.<\/p>\n\n\n\n<p>La doctora Gina Oses, jefa del Departamento de Promoci\u00f3n de la Salud en Penonom\u00e9, destac\u00f3 que el objetivo principal de la campa\u00f1a es promover la actividad f\u00edsica y la alimentaci\u00f3n saludable para combatir las enfermedades no transmisibles (ENT). Datos del Ministerio de Salud revelan que unas 14,713 personas en Cocl\u00e9 han sido diagnosticadas con hipertensi\u00f3n arterial, una cifra alarmante que resalta la importancia de esta iniciativa.<\/p>\n\n\n\n<p>Estas enfermedades, como la diabetes y la enfermedad renal cr\u00f3nica, son prevenibles si se eliminan los factores de riesgo, entre ellos la inactividad f\u00edsica, la mala alimentaci\u00f3n y el estr\u00e9s. El evento de lanzamiento incluir\u00e1 actividades como sesiones de zumba, juegos tradicionales e infantiles, con el objetivo de fomentar el ejercicio y reducir los niveles de estr\u00e9s en la poblaci\u00f3n.<\/p>\n\n\n\n<p>Tambi\u00e9n se realizar\u00e1n tomas de presi\u00f3n arterial, mediciones de peso y talla, c\u00e1lculo del \u00edndice de masa corporal (IMC) y orientaciones nutricionales. Adem\u00e1s, los asistentes podr\u00e1n visitar un mercadito agr\u00edcola donde se promover\u00e1 el consumo de productos naturales y org\u00e1nicos, esenciales para una dieta balanceada.<\/p>\n\n\n\n<p>Seg\u00fan la doctora Oses, la campa\u00f1a continuar\u00e1 durante los meses de febrero, marzo y abril con una amplia gama de actividades gratuitas en toda la provincia de Cocl\u00e9. Entre estas se incluyen caminatas, sesiones de yoga, talleres de manejo del estr\u00e9s y clases de cocina saludable. El cronograma de estas actividades ser\u00e1 compartido con la poblaci\u00f3n en las pr\u00f3ximas semanas.<\/p>\n\n\n\n<p>El Ministerio de Salud hace un llamado a toda la comunidad de Penonom\u00e9 y zonas aleda\u00f1as a participar en esta importante iniciativa. El evento del martes 28 de enero ser\u00e1 una oportunidad para disfrutar en familia, aprender sobre salud y bienestar, y tomar pasos concretos hacia una mejor calidad de vida. Todas las actividades son completamente gratuitas.<\/p>\n","protected":false},"excerpt":{"rendered":"<p>El Ministerio de Salud, en conjunto con la Organizaci\u00f3n Panamericana de la Salud y la Organizaci\u00f3n Mundial de la Salud, anunciar\u00e1 el lanzamiento oficial de su campa\u00f1a RISA con el lema \u201ccome sano, mu\u00e9vete y vive mejor\u00bb el pr\u00f3ximo martes 28 de enero. Este evento se llevar\u00e1 a cabo en el Parque 8 de diciembre [&hellip;]<\/p>\n","protected":false},"author":7,"featured_media":15278,"comment_status":"open","ping_status":"open","sticky":false,"template":"","format":"standard","meta":{"footnotes":""},"categories":[1,16],"tags":[],"class_list":["post-15277","post","type-post","status-publish","format-standard","has-post-thumbnail","hentry","category-noticias","category-salud"],"_links":{"self":[{"href":"https:\/\/mifavorita.com.pa\/2017\/wp-json\/wp\/v2\/posts\/15277","targetHints":{"allow":["GET"]}}],"collection":[{"href":"https:\/\/mifavorita.com.pa\/2017\/wp-json\/wp\/v2\/posts"}],"about":[{"href":"https:\/\/mifavorita.com.pa\/2017\/wp-json\/wp\/v2\/types\/post"}],"author":[{"embeddable":true,"href":"https:\/\/mifavorita.com.pa\/2017\/wp-json\/wp\/v2\/users\/7"}],"replies":[{"embeddable":true,"href":"https:\/\/mifavorita.com.pa\/2017\/wp-json\/wp\/v2\/comments?post=15277"}],"version-history":[{"count":1,"href":"https:\/\/mifavorita.com.pa\/2017\/wp-json\/wp\/v2\/posts\/15277\/revisions"}],"predecessor-version":[{"id":15279,"href":"https:\/\/mifavorita.com.pa\/2017\/wp-json\/wp\/v2\/posts\/15277\/revisions\/15279"}],"wp:featuredmedia":[{"embeddable":true,"href":"https:\/\/mifavorita.com.pa\/2017\/wp-json\/wp\/v2\/media\/15278"}],"wp:attachment":[{"href":"https:\/\/mifavorita.com.pa\/2017\/wp-json\/wp\/v2\/media?parent=15277"}],"wp:term":[{"taxonomy":"category","embeddable":true,"href":"https:\/\/mifavorita.com.pa\/2017\/wp-json\/wp\/v2\/categories?post=15277"},{"taxonomy":"post_tag","embeddable":true,"href":"https:\/\/mifavorita.com.pa\/2017\/wp-json\/wp\/v2\/tags?post=15277"}],"curies":[{"name":"wp","href":"https:\/\/api.w.org\/{rel}","templated":true}]}}