{"id":15280,"date":"2025-01-23T19:53:56","date_gmt":"2025-01-23T19:53:56","guid":{"rendered":"https:\/\/mifavorita.com.pa\/2017\/?p=15280"},"modified":"2025-01-23T19:54:43","modified_gmt":"2025-01-23T19:54:43","slug":"vice-ministro-de-educacion-visito-escuelas-en-cocle-verificando-avances-de-mantenimiento","status":"publish","type":"post","link":"https:\/\/mifavorita.com.pa\/2017\/vice-ministro-de-educacion-visito-escuelas-en-cocle-verificando-avances-de-mantenimiento\/","title":{"rendered":"VICE MINISTRO DE EDUCACI\u00d3N VISIT\u00d3 ESCUELAS EN COCL\u00c9 VERIFICANDO AVANCES DE MANTENIMIENTO"},"content":{"rendered":"\n<figure class=\"wp-block-image size-large\"><img fetchpriority=\"high\" decoding=\"async\" width=\"1024\" height=\"768\" src=\"https:\/\/mifavorita.com.pa\/2017\/wp-content\/uploads\/2025\/01\/IMG_4931-2-1024x768.jpg\" alt=\"\" class=\"wp-image-15285\" srcset=\"https:\/\/mifavorita.com.pa\/2017\/wp-content\/uploads\/2025\/01\/IMG_4931-2-1024x768.jpg 1024w, https:\/\/mifavorita.com.pa\/2017\/wp-content\/uploads\/2025\/01\/IMG_4931-2-300x225.jpg 300w, https:\/\/mifavorita.com.pa\/2017\/wp-content\/uploads\/2025\/01\/IMG_4931-2-768x576.jpg 768w, https:\/\/mifavorita.com.pa\/2017\/wp-content\/uploads\/2025\/01\/IMG_4931-2-1536x1152.jpg 1536w, https:\/\/mifavorita.com.pa\/2017\/wp-content\/uploads\/2025\/01\/IMG_4931-2-2048x1536.jpg 2048w, https:\/\/mifavorita.com.pa\/2017\/wp-content\/uploads\/2025\/01\/IMG_4931-2-700x525.jpg 700w, https:\/\/mifavorita.com.pa\/2017\/wp-content\/uploads\/2025\/01\/IMG_4931-2-500x375.jpg 500w, https:\/\/mifavorita.com.pa\/2017\/wp-content\/uploads\/2025\/01\/IMG_4931-2-800x600.jpg 800w\" sizes=\"(max-width: 1024px) 100vw, 1024px\" \/><\/figure>\n\n\n\n<p>Contin\u00faa el programa de mantenimiento de escuelas del Ministerio de Educaci\u00f3n a m\u00e1s de 12 centros educativos en Cocl\u00e9, de los m\u00e1s de 40 que se tienen planificados, uno de ellos, la Escuela Secundaria \u00c1ngel Mar\u00eda Herrera de Penonom\u00e9, que recibe a privados de libertad cada ma\u00f1ana para realizar trabajos de pintura y limpieza. Ya 6 escuelas han culminado su mantenimiento en esta provincia.<\/p>\n\n\n\n<p>Este centro recibe el programa de privados de libertad junto a sus custodios, para que cada sal\u00f3n y espacios comunes est\u00e9n acondicionados. Para verificar estos trabajos, personal directivo nacional del MEDUCA acudieron a observar los avances.<\/p>\n\n\n\n<p>El vice ministro de Educaci\u00f3n, Roberto Sevillano, durante su visita dijo que este plan de mantenimiento de verano consiste en tener las escuelas listas para inicio del a\u00f1o escolar, que se lograr\u00e1 con el apoyo de privados de libertad, que se extender\u00e1 durante todo el a\u00f1o. Explic\u00f3 que son 34 privados de libertad que apoyan en todo Cocl\u00e9, y 10 en este centro.<\/p>\n\n\n\n<figure class=\"wp-block-image size-large\"><img decoding=\"async\" width=\"1024\" height=\"768\" src=\"https:\/\/mifavorita.com.pa\/2017\/wp-content\/uploads\/2025\/01\/IMG_4929-1024x768.jpg\" alt=\"\" class=\"wp-image-15284\" srcset=\"https:\/\/mifavorita.com.pa\/2017\/wp-content\/uploads\/2025\/01\/IMG_4929-1024x768.jpg 1024w, https:\/\/mifavorita.com.pa\/2017\/wp-content\/uploads\/2025\/01\/IMG_4929-300x225.jpg 300w, https:\/\/mifavorita.com.pa\/2017\/wp-content\/uploads\/2025\/01\/IMG_4929-768x576.jpg 768w, https:\/\/mifavorita.com.pa\/2017\/wp-content\/uploads\/2025\/01\/IMG_4929-1536x1152.jpg 1536w, https:\/\/mifavorita.com.pa\/2017\/wp-content\/uploads\/2025\/01\/IMG_4929-2048x1536.jpg 2048w, https:\/\/mifavorita.com.pa\/2017\/wp-content\/uploads\/2025\/01\/IMG_4929-700x525.jpg 700w, https:\/\/mifavorita.com.pa\/2017\/wp-content\/uploads\/2025\/01\/IMG_4929-500x375.jpg 500w, https:\/\/mifavorita.com.pa\/2017\/wp-content\/uploads\/2025\/01\/IMG_4929-800x600.jpg 800w\" sizes=\"(max-width: 1024px) 100vw, 1024px\" \/><figcaption class=\"wp-element-caption\"><em>Vice ministro de Educaci\u00f3n (al centro) junto al Gobernador de la Provincia de Cocl\u00e9 y la directora provincial del MEDUCA, verificando los avances del programa en la Escuela \u00c1ngel Mar\u00eda Herrera<\/em><\/figcaption><\/figure>\n\n\n\n<p>Por su parte, Yoisy Atencio, directora regional, dijo que, si bien este programa de pintura y limpieza avanza, tienen otros proyectos de inversi\u00f3n en el caso de esta escuela, por un monto de 13 millones de balboas, que remodelar\u00e1n toda la infraestructura y que actualmente se encuentra en revisi\u00f3n de pliegos.<\/p>\n\n\n\n<p>Tambi\u00e9n se realizar\u00e1n remodelaciones con proyectos de inversi\u00f3n en el Instituto T\u00e9cnico y Profesional La Pintada, Escuela Sof\u00eda Quir\u00f3s, Instituto T\u00e9cnico y Profesional Leonila Pinz\u00f3n de Grimaldo, y la sede de la Regional de Educaci\u00f3n, todos encontr\u00e1ndose en la misma etapa.<\/p>\n\n\n\n<p>La directora provincial explic\u00f3 que los proyectos de inversi\u00f3n son puntuales, y son diferentes al programa de mantenimiento. As\u00ed tambi\u00e9n, tendr\u00e1n oportunidad para solicitar partidas extraordinarias, teniendo el personal id\u00f3neo para realizar estudios t\u00e9cnicos y as\u00ed se desarrollen de la mejor manera en cada plantel.<\/p>\n\n\n\n<figure class=\"wp-block-image size-large\"><img decoding=\"async\" width=\"1024\" height=\"768\" src=\"https:\/\/mifavorita.com.pa\/2017\/wp-content\/uploads\/2025\/01\/IMG_4928-1024x768.jpg\" alt=\"\" class=\"wp-image-15286\" srcset=\"https:\/\/mifavorita.com.pa\/2017\/wp-content\/uploads\/2025\/01\/IMG_4928-1024x768.jpg 1024w, https:\/\/mifavorita.com.pa\/2017\/wp-content\/uploads\/2025\/01\/IMG_4928-300x225.jpg 300w, https:\/\/mifavorita.com.pa\/2017\/wp-content\/uploads\/2025\/01\/IMG_4928-768x576.jpg 768w, https:\/\/mifavorita.com.pa\/2017\/wp-content\/uploads\/2025\/01\/IMG_4928-1536x1152.jpg 1536w, https:\/\/mifavorita.com.pa\/2017\/wp-content\/uploads\/2025\/01\/IMG_4928-2048x1536.jpg 2048w, https:\/\/mifavorita.com.pa\/2017\/wp-content\/uploads\/2025\/01\/IMG_4928-700x525.jpg 700w, https:\/\/mifavorita.com.pa\/2017\/wp-content\/uploads\/2025\/01\/IMG_4928-500x375.jpg 500w, https:\/\/mifavorita.com.pa\/2017\/wp-content\/uploads\/2025\/01\/IMG_4928-800x600.jpg 800w\" sizes=\"(max-width: 1024px) 100vw, 1024px\" \/><\/figure>\n\n\n\n<p>Juan Carlos F\u00e9lix, privado de libertad, aprovech\u00f3 la oportunidad y agradeci\u00f3 el poder participar en este programa que les ayuda en su reinserci\u00f3n a la sociedad.<\/p>\n\n\n\n<p>De este recorrido, tambi\u00e9n particip\u00f3 el director nacional de Mantenimiento, Jos\u00e9 Barahona, y su equipo a cargo de la arquitecta Kathia Mitre.&nbsp;<\/p>\n","protected":false},"excerpt":{"rendered":"<p>Contin\u00faa el programa de mantenimiento de escuelas del Ministerio de Educaci\u00f3n a m\u00e1s de 12 centros educativos en Cocl\u00e9, de los m\u00e1s de 40 que se tienen planificados, uno de ellos, la Escuela Secundaria \u00c1ngel Mar\u00eda Herrera de Penonom\u00e9, que recibe a privados de libertad cada ma\u00f1ana para realizar trabajos de pintura y limpieza. Ya [&hellip;]<\/p>\n","protected":false},"author":6,"featured_media":15282,"comment_status":"open","ping_status":"open","sticky":false,"template":"","format":"standard","meta":{"footnotes":""},"categories":[17,1],"tags":[],"class_list":["post-15280","post","type-post","status-publish","format-standard","has-post-thumbnail","hentry","category-comunitaria","category-noticias"],"_links":{"self":[{"href":"https:\/\/mifavorita.com.pa\/2017\/wp-json\/wp\/v2\/posts\/15280","targetHints":{"allow":["GET"]}}],"collection":[{"href":"https:\/\/mifavorita.com.pa\/2017\/wp-json\/wp\/v2\/posts"}],"about":[{"href":"https:\/\/mifavorita.com.pa\/2017\/wp-json\/wp\/v2\/types\/post"}],"author":[{"embeddable":true,"href":"https:\/\/mifavorita.com.pa\/2017\/wp-json\/wp\/v2\/users\/6"}],"replies":[{"embeddable":true,"href":"https:\/\/mifavorita.com.pa\/2017\/wp-json\/wp\/v2\/comments?post=15280"}],"version-history":[{"count":1,"href":"https:\/\/mifavorita.com.pa\/2017\/wp-json\/wp\/v2\/posts\/15280\/revisions"}],"predecessor-version":[{"id":15287,"href":"https:\/\/mifavorita.com.pa\/2017\/wp-json\/wp\/v2\/posts\/15280\/revisions\/15287"}],"wp:featuredmedia":[{"embeddable":true,"href":"https:\/\/mifavorita.com.pa\/2017\/wp-json\/wp\/v2\/media\/15282"}],"wp:attachment":[{"href":"https:\/\/mifavorita.com.pa\/2017\/wp-json\/wp\/v2\/media?parent=15280"}],"wp:term":[{"taxonomy":"category","embeddable":true,"href":"https:\/\/mifavorita.com.pa\/2017\/wp-json\/wp\/v2\/categories?post=15280"},{"taxonomy":"post_tag","embeddable":true,"href":"https:\/\/mifavorita.com.pa\/2017\/wp-json\/wp\/v2\/tags?post=15280"}],"curies":[{"name":"wp","href":"https:\/\/api.w.org\/{rel}","templated":true}]}}