{"id":15288,"date":"2025-01-23T20:40:06","date_gmt":"2025-01-23T20:40:06","guid":{"rendered":"https:\/\/mifavorita.com.pa\/2017\/?p=15288"},"modified":"2025-01-23T20:40:53","modified_gmt":"2025-01-23T20:40:53","slug":"fundacion-para-el-desarrollo-turistico-integral-de-cocle-planifico-tres-iinteresantes-actividades-este-verano","status":"publish","type":"post","link":"https:\/\/mifavorita.com.pa\/2017\/fundacion-para-el-desarrollo-turistico-integral-de-cocle-planifico-tres-iinteresantes-actividades-este-verano\/","title":{"rendered":"FUNDACI\u00d3N PARA EL DESARROLLO TUR\u00cdSTICO INTEGRAL DE COCL\u00c9 PLANIFIC\u00d3 TRES IINTERESANTES ACTIVIDADES ESTE VERANO"},"content":{"rendered":"\n<p>En busca de impulsar la econom\u00eda de la regi\u00f3n, la Fundaci\u00f3n para el Desarrollo Tur\u00edstico Integral ha organizado diversas actividades de verano, que incluyen foros, veredas artesanales y de emprendedores, y el quinto Congreso Internacional de Turismo Sostenible.<\/p>\n\n\n\n<p>Estas actividades ser\u00e1n realizadas en Penonom\u00e9, pero incluyen a personas de toda la provincia, incluyendo de otras partes del pa\u00eds que deseen participar.<\/p>\n\n\n\n<p>Marielena Almengor, presidenta de la fundaci\u00f3n, indic\u00f3 que el pr\u00f3ximo 31 de enero han organizado el primer Foro sobre el an\u00e1lisis de la problem\u00e1tica de desempleo en la provincia de Cocl\u00e9, abordando los retos y enfoc\u00e1ndose en las oportunidades que existen, en el que tendr\u00e1n como invitados a la jefa de empleo del Ministerio de Trabajo, Ana Sober\u00f3n, a la Autoridad de la Micro, Peque\u00f1a y Mediana Empresa, Autoridad de Turismo, y a Ren\u00e9 Quevedo, consultor empresarial y economista.<\/p>\n\n\n\n<p>Este Foro se desarrollar\u00e1 en la Biblioteca Fernando Guardia de Penonom\u00e9, a partir de las 8 de la ma\u00f1ana, y ser\u00e1 completamente gratis para personas a partir de los 18 a\u00f1os de edad. <\/p>\n\n\n\n<p>As\u00ed tambi\u00e9n, explic\u00f3 que el quinto Congreso de Turismo Sostenible, abordar\u00e1 este a\u00f1o la seguridad en el turismo, poniendo en an\u00e1lisis c\u00f3mo se operan planes de emergencia y de prevenci\u00f3n, que se llevar\u00e1 a cabo en febrero.<\/p>\n\n\n\n<p>Tambi\u00e9n se ha organizado una vereda empresarial \/ emprendedora tur\u00edstica, para que los fines de semana a partir del 30 de enero, las personas puedan acudir al Mes\u00f3n Santa Cruz, y apoyar los peque\u00f1os negocios. Los interesados en participar en cualquiera de las actividades pueden contactarse al 65687499 para obtener mayor informaci\u00f3n.<\/p>\n","protected":false},"excerpt":{"rendered":"<p>En busca de impulsar la econom\u00eda de la regi\u00f3n, la Fundaci\u00f3n para el Desarrollo Tur\u00edstico Integral ha organizado diversas actividades de verano, que incluyen foros, veredas artesanales y de emprendedores, y el quinto Congreso Internacional de Turismo Sostenible. Estas actividades ser\u00e1n realizadas en Penonom\u00e9, pero incluyen a personas de toda la provincia, incluyendo de otras [&hellip;]<\/p>\n","protected":false},"author":6,"featured_media":15289,"comment_status":"open","ping_status":"open","sticky":false,"template":"","format":"standard","meta":{"footnotes":""},"categories":[30,1],"tags":[],"class_list":["post-15288","post","type-post","status-publish","format-standard","has-post-thumbnail","hentry","category-cultura","category-noticias"],"_links":{"self":[{"href":"https:\/\/mifavorita.com.pa\/2017\/wp-json\/wp\/v2\/posts\/15288","targetHints":{"allow":["GET"]}}],"collection":[{"href":"https:\/\/mifavorita.com.pa\/2017\/wp-json\/wp\/v2\/posts"}],"about":[{"href":"https:\/\/mifavorita.com.pa\/2017\/wp-json\/wp\/v2\/types\/post"}],"author":[{"embeddable":true,"href":"https:\/\/mifavorita.com.pa\/2017\/wp-json\/wp\/v2\/users\/6"}],"replies":[{"embeddable":true,"href":"https:\/\/mifavorita.com.pa\/2017\/wp-json\/wp\/v2\/comments?post=15288"}],"version-history":[{"count":1,"href":"https:\/\/mifavorita.com.pa\/2017\/wp-json\/wp\/v2\/posts\/15288\/revisions"}],"predecessor-version":[{"id":15290,"href":"https:\/\/mifavorita.com.pa\/2017\/wp-json\/wp\/v2\/posts\/15288\/revisions\/15290"}],"wp:featuredmedia":[{"embeddable":true,"href":"https:\/\/mifavorita.com.pa\/2017\/wp-json\/wp\/v2\/media\/15289"}],"wp:attachment":[{"href":"https:\/\/mifavorita.com.pa\/2017\/wp-json\/wp\/v2\/media?parent=15288"}],"wp:term":[{"taxonomy":"category","embeddable":true,"href":"https:\/\/mifavorita.com.pa\/2017\/wp-json\/wp\/v2\/categories?post=15288"},{"taxonomy":"post_tag","embeddable":true,"href":"https:\/\/mifavorita.com.pa\/2017\/wp-json\/wp\/v2\/tags?post=15288"}],"curies":[{"name":"wp","href":"https:\/\/api.w.org\/{rel}","templated":true}]}}